{"id":4926,"date":"2014-09-17T10:30:43","date_gmt":"2014-09-17T15:30:43","guid":{"rendered":"http:\/\/damas.laiglesiadelacomunidad.com\/?p=4926"},"modified":"2014-09-17T10:30:43","modified_gmt":"2014-09-17T15:30:43","slug":"miercoles-de-ayuno-y-oracion","status":"publish","type":"post","link":"http:\/\/damas.laiglesiadelacomunidad.com\/?p=4926","title":{"rendered":"Mi\u00e9rcoles de ayuno y Oraci\u00f3n"},"content":{"rendered":"<p><a href=\"http:\/\/damas.laiglesiadelacomunidad.com\/wp-content\/uploads\/2014\/09\/IMG_0497.jpg\"><img decoding=\"async\" src=\"http:\/\/damas.laiglesiadelacomunidad.com\/wp-content\/uploads\/2014\/09\/IMG_0497.jpg\" alt=\"IMG_0497.JPG\" class=\"alignnone size-full\" \/><\/a><\/p>\n<p>Oremos tambi\u00e9n por nuestros amigos y familiares que a\u00fan no han tomado su decisi\u00f3n de seguir a Jes\u00fas .<\/p>\n","protected":false},"excerpt":{"rendered":"<p>Oremos tambi\u00e9n por nuestros amigos y familiares que a\u00fan no han tomado su decisi\u00f3n de seguir a Jes\u00fas .<\/p>\n","protected":false},"author":2,"featured_media":0,"comment_status":"open","ping_status":"open","sticky":false,"template":"","format":"standard","meta":{"footnotes":""},"categories":[1],"tags":[],"_links":{"self":[{"href":"http:\/\/damas.laiglesiadelacomunidad.com\/index.php?rest_route=\/wp\/v2\/posts\/4926"}],"collection":[{"href":"http:\/\/damas.laiglesiadelacomunidad.com\/index.php?rest_route=\/wp\/v2\/posts"}],"about":[{"href":"http:\/\/damas.laiglesiadelacomunidad.com\/index.php?rest_route=\/wp\/v2\/types\/post"}],"author":[{"embeddable":true,"href":"http:\/\/damas.laiglesiadelacomunidad.com\/index.php?rest_route=\/wp\/v2\/users\/2"}],"replies":[{"embeddable":true,"href":"http:\/\/damas.laiglesiadelacomunidad.com\/index.php?rest_route=%2Fwp%2Fv2%2Fcomments&post=4926"}],"version-history":[{"count":1,"href":"http:\/\/damas.laiglesiadelacomunidad.com\/index.php?rest_route=\/wp\/v2\/posts\/4926\/revisions"}],"predecessor-version":[{"id":4927,"href":"http:\/\/damas.laiglesiadelacomunidad.com\/index.php?rest_route=\/wp\/v2\/posts\/4926\/revisions\/4927"}],"wp:attachment":[{"href":"http:\/\/damas.laiglesiadelacomunidad.com\/index.php?rest_route=%2Fwp%2Fv2%2Fmedia&parent=4926"}],"wp:term":[{"taxonomy":"category","embeddable":true,"href":"http:\/\/damas.laiglesiadelacomunidad.com\/index.php?rest_route=%2Fwp%2Fv2%2Fcategories&post=4926"},{"taxonomy":"post_tag","embeddable":true,"href":"http:\/\/damas.laiglesiadelacomunidad.com\/index.php?rest_route=%2Fwp%2Fv2%2Ftags&post=4926"}],"curies":[{"name":"wp","href":"https:\/\/api.w.org\/{rel}","templated":true}]}}