{"id":4907,"date":"2014-09-14T22:50:57","date_gmt":"2014-09-15T03:50:57","guid":{"rendered":"http:\/\/damas.laiglesiadelacomunidad.com\/?p=4907"},"modified":"2014-09-14T23:06:22","modified_gmt":"2014-09-15T04:06:22","slug":"reunion-14-de-sept-2014","status":"publish","type":"post","link":"http:\/\/damas.laiglesiadelacomunidad.com\/?p=4907","title":{"rendered":"Reuni\u00f3n 14 de Sept. 2014"},"content":{"rendered":"<p>Gracias Se\u00f1or por tan linda noche, gracias a todos los voluntarios, m\u00fasicos y cantantes<\/p>\n<p>Hoy nos enfocamos de nuevo en la visi\u00f3n, la idea principal del mensaje fue: <strong>&#8220;Dios esta haciendo algo grande en \u00e9ste mundo y nos invita a participar&#8221;\u00a0<\/strong>muchas veces en nuestra vida cristiana perdemos el enfoque de lo que es realmente importante como cristianos, perdemos de vista el pr\u00f3posito por el cual Dios nos salvo, y en este mundo en el que vivimos es f\u00e1cil perder el enfoque porque hay tantas distracciones a nuestro alrededor y hacemos que el ser cristiano solo sea una actividad m\u00e1s, tomamos la iglesia y las actividades de la misma como un club social y no adaptamos el mundo a nuestra vida cristiana sino que adaptamos la vida cristiana al mundo y eso no hace nada de diferencia, nos vuelve vanas y vacias y no ayudamos para nada a desarrollar los pr\u00f3positos que tiene Dios para nosotras como sus hijas.<\/p>\n<p>Para ser honestas la vida cristiana requiere de muchos sacrificios de nuestra parte y muchas veces no estamos dispuestas a sacrificarnos y por eso no tomamos decisiones en nuestra vida que van a favor del Reino de Dios porque para ello tenemos que dejar lo que nos gusta \ud83d\ude41<\/p>\n<p><span style=\"color: #ff0000;\"><strong><sup class=\"versenum\">\u00a0<\/sup>Por lo tanto, busquen primeramente el reino de Dios y su justicia, y todas estas cosas les ser\u00e1n a\u00f1adidas.\u00a0<\/strong><span style=\"color: #000000;\">Mateo 6:33<\/span><\/span><\/p>\n<p><span id=\"es-RVC-26760\" class=\"text John-16-32\"><sup class=\"versenum\">\u00a0<\/sup><span style=\"color: #ff0000;\"><strong>La hora viene, y ya ha llegado, en que ustedes ser\u00e1n esparcidos, cada uno por su lado; y me dejar\u00e1n solo. Pero no estoy solo, porque el Padre est\u00e1 conmigo.<\/strong><\/span><\/span> <span id=\"es-RVC-26761\" class=\"text John-16-33\"><span style=\"color: #ff0000;\"><strong>Estas cosas les he hablado para que en m\u00ed tengan paz. En el mundo tendr\u00e1n aflicci\u00f3n; pero conf\u00eden, yo he vencido al mundo.\u00bb<\/strong> <\/span>Juan 16:32-33<\/span><\/p>\n<p><strong><span class=\"text 1Cor-15-1\">Adem\u00e1s, hermanos, les anuncio el evangelio que les prediqu\u00e9, que es el mismo que ustedes recibieron y en el cual siguen firmes.<\/span> <span id=\"es-RVC-28722\" class=\"text 1Cor-15-2\">Por medio de este evangelio ser\u00e1n salvados, siempre y cuando retengan la palabra que les he predicado. De no ser as\u00ed, habr\u00e1n cre\u00eddo en vano.\u00a0<\/span><\/strong><span id=\"es-RVC-28722\" class=\"text 1Cor-15-2\">1 Corintios 15:1-2<\/span><\/p>\n<p><strong>Porque la paga del pecado es muerte, pero la d\u00e1diva de Dios es vida eterna en Cristo Jes\u00fas, nuestro Se\u00f1or.\u00a0<\/strong>Romanos 6:23<\/p>\n<p><span id=\"es-RVC-26682\" class=\"text John-14-12\" style=\"color: #ff0000;\"><strong>\u00bbDe cierto, de cierto les digo: El que cree en m\u00ed, har\u00e1 tambi\u00e9n las obras que yo hago; y aun mayores obras har\u00e1, porque yo voy al Padre.<\/strong><\/span><span style=\"color: #800000;\"><span style=\"color: #ff0000;\"><strong> <span id=\"es-RVC-26683\" class=\"text John-14-13\">Y todo lo que pidan al Padre en mi nombre, lo har\u00e9, para que el Padre sea glorificado en el Hijo.<\/span> <span id=\"es-RVC-26684\" class=\"text John-14-14\">Si algo piden en mi nombre, yo lo har\u00e9.<\/span><span class=\"text John-14-15\">\u00bbSi me aman, obedezcan mis mandamientos.<\/span> <span id=\"es-RVC-26686\" class=\"text John-14-16\">Y yo rogar\u00e9 al Padre, y \u00e9l les dar\u00e1 otro Consolador, para que est\u00e9 con ustedes para siempre:<\/span> <span id=\"es-RVC-26687\" class=\"text John-14-17\">es decir, el Esp\u00edritu de verdad, al \u00a0cual el mundo no puede recibir porque no lo ve, ni lo conoce; pero ustedes lo conocen, porque permanece con ustedes, y estar\u00e1 en ustedes.\u00a0<\/span><\/strong><\/span><span id=\"es-RVC-26687\" class=\"text John-14-17\"><span style=\"color: #000000;\">Juan 14:12-17<\/span><\/span><\/span><\/p>\n<p>Se\u00f1or te pedimos que nos ayudes a mantenernos enfocadas en tu Reino, que las actividades y las preocupaciones de \u00e9sta vida no nos aparten de hacer lo que es importante para Ti. Usanos Se\u00f1or grandemente en Tu Reino, abre nuestros oidos a tu llamado, te lo pedimos en nombre de tu hijo amado. Am\u00e9n<\/p>\n<p>Por favor les pido que oren por Michelle Vasquez la operar\u00f3n hoy de apendicitis, tambi\u00e9n les pido que sigan orando por Raulito, Kevin, Jennifer, do\u00f1a Susana, Rosita y la abuelita de Escarlin.<\/p>\n<p>Que pasen una linda semana, las quiero mucho.<\/p>\n<p>Dios las bendiga;<\/p>\n<p>Jackie C.<\/p>\n<p><a href=\"http:\/\/damas.laiglesiadelacomunidad.com\/wp-content\/uploads\/2014\/09\/IMG_0476.jpg\"><img decoding=\"async\" class=\"alignnone size-full\" src=\"http:\/\/damas.laiglesiadelacomunidad.com\/wp-content\/uploads\/2014\/09\/IMG_0476.jpg\" alt=\"IMG_0476.JPG\" \/><\/a><\/p>\n<p><a href=\"http:\/\/damas.laiglesiadelacomunidad.com\/wp-content\/uploads\/2014\/09\/IMG_0479.jpg\"><img decoding=\"async\" class=\"alignnone size-full\" src=\"http:\/\/damas.laiglesiadelacomunidad.com\/wp-content\/uploads\/2014\/09\/IMG_0479.jpg\" alt=\"IMG_0479.JPG\" \/><\/a><\/p>\n<p><a href=\"http:\/\/damas.laiglesiadelacomunidad.com\/wp-content\/uploads\/2014\/09\/IMG_0482.jpg\"><img decoding=\"async\" class=\"alignnone size-full\" src=\"http:\/\/damas.laiglesiadelacomunidad.com\/wp-content\/uploads\/2014\/09\/IMG_0482.jpg\" alt=\"IMG_0482.JPG\" \/><\/a><\/p>\n<p><a href=\"http:\/\/damas.laiglesiadelacomunidad.com\/wp-content\/uploads\/2014\/09\/IMG_0481.jpg\"><img decoding=\"async\" class=\"alignnone size-full\" src=\"http:\/\/damas.laiglesiadelacomunidad.com\/wp-content\/uploads\/2014\/09\/IMG_0481.jpg\" alt=\"IMG_0481.JPG\" \/><\/a><\/p>\n<p><a href=\"http:\/\/damas.laiglesiadelacomunidad.com\/wp-content\/uploads\/2014\/09\/IMG_0485.jpg\"><img decoding=\"async\" class=\"alignnone size-full\" src=\"http:\/\/damas.laiglesiadelacomunidad.com\/wp-content\/uploads\/2014\/09\/IMG_0485.jpg\" alt=\"IMG_0485.JPG\" \/><\/a><\/p>\n<p><a href=\"http:\/\/damas.laiglesiadelacomunidad.com\/wp-content\/uploads\/2014\/09\/IMG_0486.jpg\"><img decoding=\"async\" class=\"alignnone size-full\" src=\"http:\/\/damas.laiglesiadelacomunidad.com\/wp-content\/uploads\/2014\/09\/IMG_0486.jpg\" alt=\"IMG_0486.JPG\" \/><\/a><\/p>\n<p><a href=\"http:\/\/damas.laiglesiadelacomunidad.com\/wp-content\/uploads\/2014\/09\/IMG_0487.jpg\"><img decoding=\"async\" class=\"alignnone size-full\" src=\"http:\/\/damas.laiglesiadelacomunidad.com\/wp-content\/uploads\/2014\/09\/IMG_0487.jpg\" alt=\"IMG_0487.JPG\" \/><\/a><\/p>\n<p><a href=\"http:\/\/damas.laiglesiadelacomunidad.com\/wp-content\/uploads\/2014\/09\/IMG_0483.jpg\"><img decoding=\"async\" class=\"alignnone size-full\" src=\"http:\/\/damas.laiglesiadelacomunidad.com\/wp-content\/uploads\/2014\/09\/IMG_0483.jpg\" alt=\"IMG_0483.JPG\" \/><\/a><\/p>\n","protected":false},"excerpt":{"rendered":"<p>Gracias Se\u00f1or por tan linda noche, gracias a todos los voluntarios, m\u00fasicos y cantantes Hoy nos enfocamos de nuevo en la visi\u00f3n, la idea principal del mensaje fue: &#8220;Dios esta haciendo algo grande en \u00e9ste mundo y nos invita a participar&#8221;\u00a0muchas veces en nuestra vida cristiana perdemos el enfoque de lo que es realmente importante &hellip; <a href=\"http:\/\/damas.laiglesiadelacomunidad.com\/?p=4907\" class=\"more-link\">Continue reading <span class=\"screen-reader-text\">Reuni\u00f3n 14 de Sept. 2014<\/span> <span class=\"meta-nav\">&rarr;<\/span><\/a><\/p>\n","protected":false},"author":2,"featured_media":0,"comment_status":"open","ping_status":"open","sticky":false,"template":"","format":"standard","meta":{"footnotes":""},"categories":[7],"tags":[],"_links":{"self":[{"href":"http:\/\/damas.laiglesiadelacomunidad.com\/index.php?rest_route=\/wp\/v2\/posts\/4907"}],"collection":[{"href":"http:\/\/damas.laiglesiadelacomunidad.com\/index.php?rest_route=\/wp\/v2\/posts"}],"about":[{"href":"http:\/\/damas.laiglesiadelacomunidad.com\/index.php?rest_route=\/wp\/v2\/types\/post"}],"author":[{"embeddable":true,"href":"http:\/\/damas.laiglesiadelacomunidad.com\/index.php?rest_route=\/wp\/v2\/users\/2"}],"replies":[{"embeddable":true,"href":"http:\/\/damas.laiglesiadelacomunidad.com\/index.php?rest_route=%2Fwp%2Fv2%2Fcomments&post=4907"}],"version-history":[{"count":4,"href":"http:\/\/damas.laiglesiadelacomunidad.com\/index.php?rest_route=\/wp\/v2\/posts\/4907\/revisions"}],"predecessor-version":[{"id":4919,"href":"http:\/\/damas.laiglesiadelacomunidad.com\/index.php?rest_route=\/wp\/v2\/posts\/4907\/revisions\/4919"}],"wp:attachment":[{"href":"http:\/\/damas.laiglesiadelacomunidad.com\/index.php?rest_route=%2Fwp%2Fv2%2Fmedia&parent=4907"}],"wp:term":[{"taxonomy":"category","embeddable":true,"href":"http:\/\/damas.laiglesiadelacomunidad.com\/index.php?rest_route=%2Fwp%2Fv2%2Fcategories&post=4907"},{"taxonomy":"post_tag","embeddable":true,"href":"http:\/\/damas.laiglesiadelacomunidad.com\/index.php?rest_route=%2Fwp%2Fv2%2Ftags&post=4907"}],"curies":[{"name":"wp","href":"https:\/\/api.w.org\/{rel}","templated":true}]}}