{"id":4896,"date":"2014-09-09T08:50:37","date_gmt":"2014-09-09T13:50:37","guid":{"rendered":"http:\/\/damas.laiglesiadelacomunidad.com\/?p=4896"},"modified":"2014-09-09T08:50:37","modified_gmt":"2014-09-09T13:50:37","slug":"versiculos-para-meditar-48","status":"publish","type":"post","link":"http:\/\/damas.laiglesiadelacomunidad.com\/?p=4896","title":{"rendered":"Vers\u00edculos para Meditar"},"content":{"rendered":"<p>Tengan en cuenta que la paciencia de nuestro Se\u00f1or es para salvaci\u00f3n, tal y como nuestro amado hermano Pablo, seg\u00fan la sabidur\u00eda que le ha sido dada, les ha escrito en casi todas sus cartas, donde habla de estas cosas, aun cuando entre ellas hay algunas que son dif\u00edciles de entender y que los ignorantes e inconstantes tuercen, como hacen tambi\u00e9n con las otras Escrituras, para su propia perdici\u00f3n. Pero ustedes, amados hermanos, que ya saben todo esto, cu\u00eddense de no ser arrastrados por el error de esos malvados, para que no caigan de su firme postura. M\u00e1s bien, crezcan en la gracia y el conocimiento de nuestro Se\u00f1or y Salvador Jesucristo, a quien sea dada la gloria ahora y hasta el d\u00eda de la eternidad. Am\u00e9n. (\u202d2 Pedro\u202c \u202d3\u202c:\u202d15-18\u202c RVC)<\/p>\n","protected":false},"excerpt":{"rendered":"<p>Tengan en cuenta que la paciencia de nuestro Se\u00f1or es para salvaci\u00f3n, tal y como nuestro amado hermano Pablo, seg\u00fan la sabidur\u00eda que le ha sido dada, les ha escrito en casi todas sus cartas, donde habla de estas cosas, aun cuando entre ellas hay algunas que son dif\u00edciles de entender y que los ignorantes &hellip; <a href=\"http:\/\/damas.laiglesiadelacomunidad.com\/?p=4896\" class=\"more-link\">Continue reading <span class=\"screen-reader-text\">Vers\u00edculos para Meditar<\/span> <span class=\"meta-nav\">&rarr;<\/span><\/a><\/p>\n","protected":false},"author":2,"featured_media":0,"comment_status":"open","ping_status":"open","sticky":false,"template":"","format":"gallery","meta":{"footnotes":""},"categories":[1],"tags":[],"_links":{"self":[{"href":"http:\/\/damas.laiglesiadelacomunidad.com\/index.php?rest_route=\/wp\/v2\/posts\/4896"}],"collection":[{"href":"http:\/\/damas.laiglesiadelacomunidad.com\/index.php?rest_route=\/wp\/v2\/posts"}],"about":[{"href":"http:\/\/damas.laiglesiadelacomunidad.com\/index.php?rest_route=\/wp\/v2\/types\/post"}],"author":[{"embeddable":true,"href":"http:\/\/damas.laiglesiadelacomunidad.com\/index.php?rest_route=\/wp\/v2\/users\/2"}],"replies":[{"embeddable":true,"href":"http:\/\/damas.laiglesiadelacomunidad.com\/index.php?rest_route=%2Fwp%2Fv2%2Fcomments&post=4896"}],"version-history":[{"count":1,"href":"http:\/\/damas.laiglesiadelacomunidad.com\/index.php?rest_route=\/wp\/v2\/posts\/4896\/revisions"}],"predecessor-version":[{"id":4897,"href":"http:\/\/damas.laiglesiadelacomunidad.com\/index.php?rest_route=\/wp\/v2\/posts\/4896\/revisions\/4897"}],"wp:attachment":[{"href":"http:\/\/damas.laiglesiadelacomunidad.com\/index.php?rest_route=%2Fwp%2Fv2%2Fmedia&parent=4896"}],"wp:term":[{"taxonomy":"category","embeddable":true,"href":"http:\/\/damas.laiglesiadelacomunidad.com\/index.php?rest_route=%2Fwp%2Fv2%2Fcategories&post=4896"},{"taxonomy":"post_tag","embeddable":true,"href":"http:\/\/damas.laiglesiadelacomunidad.com\/index.php?rest_route=%2Fwp%2Fv2%2Ftags&post=4896"}],"curies":[{"name":"wp","href":"https:\/\/api.w.org\/{rel}","templated":true}]}}