{"id":4870,"date":"2014-09-07T22:23:06","date_gmt":"2014-09-08T03:23:06","guid":{"rendered":"http:\/\/damas.laiglesiadelacomunidad.com\/?p=4870"},"modified":"2014-09-08T11:17:41","modified_gmt":"2014-09-08T16:17:41","slug":"reunion-7-de-septiembre-2014","status":"publish","type":"post","link":"http:\/\/damas.laiglesiadelacomunidad.com\/?p=4870","title":{"rendered":"Reuni\u00f3n 7 de Septiembre 2014"},"content":{"rendered":"<p>\u00a1QUE LINDA NOCHE! gracias Se\u00f1or por tan linda noche, gracias a todos lo que colaboraron para hacer posible la reuni\u00f3n de hoy, que lindo ver a todos trabajar con buen an\u00edmo \ud83d\ude42<\/p>\n<p>Hoy terminamos el libro de G\u00e1latas con un buen mensaje, el tema del mensaje de hoy fue: <strong>&#8220;Gloriarse en la Cruz o en la carne&#8221;\u00a0<\/strong>y la idea grande de hoy fue: <strong>&#8220;El valor verdadero y la identidad completa se encuentran en Cristo&#8221;\u00a0<\/strong>Pablo termina la carta a los G\u00e1latas con una gran exortaci\u00f3n y \u00e9sta es buscar nuestra identidad como hijas de Dios en Cristo, no en hacer cosas para vernos buenas ,o para evitar la critica, o para complacer a las personas que est\u00e1n a nuestro alrededor, por seguir reglamentos o leyes, etc. Nada de eso nos acerca m\u00e1s a Dios al contrario nos impide tener una intima relaci\u00f3n con Dios, porque nos preocupamos m\u00e1s por satisfacer \u00a0a la creaci\u00f3n que a nuestro creador. El animo que dio Felipe al final del mensaje me gusto mucho &#8220;Debemos de fijar nuestro valor e identidad en lo que tenemos y en quienes somos en Cristo&#8221; y en gran el sacrificio que hizo en la cruz.<\/p>\n<p><strong><span class=\"text Gal-6-11\">Miren con cu\u00e1n grandes letras les escribo de mi propia mano.<\/span> <span id=\"es-RVC-29202\" class=\"text Gal-6-12\">Todos los que quieren agradar a los dem\u00e1s los obligan a que se circunciden, solamente para no ser perseguidos por causa de la cruz de Cristo.<\/span> <span id=\"es-RVC-29203\" class=\"text Gal-6-13\">Porque ni siquiera los mismos que se circuncidan cumplen la ley, aunque quieren que ustedes se circunciden para tener de qu\u00e9 jactarse.<span style=\"font-size: 12px; line-height: 0px;\">\u00a0<\/span><\/span><span id=\"es-RVC-29204\" class=\"text Gal-6-14\">Pero lejos est\u00e9 de m\u00ed el jactarme, a no ser en la cruz de nuestro Se\u00f1or Jesucristo, por quien el mundo me es crucificado a m\u00ed, y yo al mundo.<\/span> <span id=\"es-RVC-29205\" class=\"text Gal-6-15\">Porque en Cristo Jes\u00fas nada valen la circuncisi\u00f3n ni la incircuncisi\u00f3n, sino una nueva creaci\u00f3n.<\/span> <span id=\"es-RVC-29206\" class=\"text Gal-6-16\">Y a todos los que anden conforme a esta regla, que la paz y la misericordia sean con ellos, y con el Israel de Dios.\u00a0<\/span>De aqu\u00ed en adelante nadie me cause molestias, que yo llevo en mi cuerpo las marcas del Se\u00f1or Jes\u00fas.\u00a0<\/strong><\/p>\n<p><strong>Hermanos, que la gracia de nuestro Se\u00f1or Jesucristo sea con su esp\u00edritu. Am\u00e9n.<\/strong> G\u00e1latas 6:11-18<\/p>\n<p>Se\u00f1or gracias por darnos a tu hijo, gracias Jes\u00fas por morir por nosotras, te pedimos que sobreabunde tu gracias en esta iglesia y que aprendamos a vivir m\u00e1s y m\u00e1s para tus pr\u00f3positos, que hagamos ver grande la cruz y desechemos cuestiones necias que solo nos distraen de \u00e9ste pr\u00f3posito para el cual fuimos creadas, ayudanos a darte gloria, te lo pedimos en nombre de nuestro Se\u00f1or Jesucristo, Am\u00e9n.<\/p>\n<p>Que pasen una linda semana, por favor oren mucho por Raulito que Dios lo proteja de infecciones, lo mismo pido para Rosita y Kevin, Que el Se\u00f1or los proteja durante estos cambios de clima y les fortalezca su sistema inmune.<\/p>\n<p>Dios les bendiga;<\/p>\n<p>Jackie C.<\/p>\n<p>&nbsp;<\/p>\n<p><a href=\"http:\/\/damas.laiglesiadelacomunidad.com\/wp-content\/uploads\/2014\/09\/IMG_0389.jpg\"><img decoding=\"async\" class=\"alignnone size-full\" src=\"http:\/\/damas.laiglesiadelacomunidad.com\/wp-content\/uploads\/2014\/09\/IMG_0389.jpg\" alt=\"IMG_0389.JPG\" \/><\/a><\/p>\n<p><a href=\"http:\/\/damas.laiglesiadelacomunidad.com\/wp-content\/uploads\/2014\/09\/IMG_0390.jpg\"><img decoding=\"async\" class=\"alignnone size-full\" src=\"http:\/\/damas.laiglesiadelacomunidad.com\/wp-content\/uploads\/2014\/09\/IMG_0390.jpg\" alt=\"IMG_0390.JPG\" \/><\/a><\/p>\n<p><a href=\"http:\/\/damas.laiglesiadelacomunidad.com\/wp-content\/uploads\/2014\/09\/IMG_0388.jpg\"><img decoding=\"async\" class=\"alignnone size-full\" src=\"http:\/\/damas.laiglesiadelacomunidad.com\/wp-content\/uploads\/2014\/09\/IMG_0388.jpg\" alt=\"IMG_0388.JPG\" \/><\/a><\/p>\n<p><a href=\"http:\/\/damas.laiglesiadelacomunidad.com\/wp-content\/uploads\/2014\/09\/IMG_0387.jpg\"><img decoding=\"async\" class=\"alignnone size-full\" src=\"http:\/\/damas.laiglesiadelacomunidad.com\/wp-content\/uploads\/2014\/09\/IMG_0387.jpg\" alt=\"IMG_0387.JPG\" \/><\/a><\/p>\n<p><a href=\"http:\/\/damas.laiglesiadelacomunidad.com\/wp-content\/uploads\/2014\/09\/IMG_0386.jpg\"><img decoding=\"async\" class=\"alignnone size-full\" src=\"http:\/\/damas.laiglesiadelacomunidad.com\/wp-content\/uploads\/2014\/09\/IMG_0386.jpg\" alt=\"IMG_0386.JPG\" \/><\/a><\/p>\n<p><a href=\"http:\/\/damas.laiglesiadelacomunidad.com\/wp-content\/uploads\/2014\/09\/IMG_0384.jpg\"><img decoding=\"async\" class=\"alignnone size-full\" src=\"http:\/\/damas.laiglesiadelacomunidad.com\/wp-content\/uploads\/2014\/09\/IMG_0384.jpg\" alt=\"IMG_0384.JPG\" \/><\/a><\/p>\n<p><a href=\"http:\/\/damas.laiglesiadelacomunidad.com\/wp-content\/uploads\/2014\/09\/IMG_0385.jpg\"><img decoding=\"async\" class=\"alignnone size-full\" src=\"http:\/\/damas.laiglesiadelacomunidad.com\/wp-content\/uploads\/2014\/09\/IMG_0385.jpg\" alt=\"IMG_0385.JPG\" \/><\/a><\/p>\n","protected":false},"excerpt":{"rendered":"<p>\u00a1QUE LINDA NOCHE! gracias Se\u00f1or por tan linda noche, gracias a todos lo que colaboraron para hacer posible la reuni\u00f3n de hoy, que lindo ver a todos trabajar con buen an\u00edmo \ud83d\ude42 Hoy terminamos el libro de G\u00e1latas con un buen mensaje, el tema del mensaje de hoy fue: &#8220;Gloriarse en la Cruz o en &hellip; <a href=\"http:\/\/damas.laiglesiadelacomunidad.com\/?p=4870\" class=\"more-link\">Continue reading <span class=\"screen-reader-text\">Reuni\u00f3n 7 de Septiembre 2014<\/span> <span class=\"meta-nav\">&rarr;<\/span><\/a><\/p>\n","protected":false},"author":2,"featured_media":0,"comment_status":"open","ping_status":"open","sticky":false,"template":"","format":"link","meta":{"footnotes":""},"categories":[7],"tags":[],"_links":{"self":[{"href":"http:\/\/damas.laiglesiadelacomunidad.com\/index.php?rest_route=\/wp\/v2\/posts\/4870"}],"collection":[{"href":"http:\/\/damas.laiglesiadelacomunidad.com\/index.php?rest_route=\/wp\/v2\/posts"}],"about":[{"href":"http:\/\/damas.laiglesiadelacomunidad.com\/index.php?rest_route=\/wp\/v2\/types\/post"}],"author":[{"embeddable":true,"href":"http:\/\/damas.laiglesiadelacomunidad.com\/index.php?rest_route=\/wp\/v2\/users\/2"}],"replies":[{"embeddable":true,"href":"http:\/\/damas.laiglesiadelacomunidad.com\/index.php?rest_route=%2Fwp%2Fv2%2Fcomments&post=4870"}],"version-history":[{"count":3,"href":"http:\/\/damas.laiglesiadelacomunidad.com\/index.php?rest_route=\/wp\/v2\/posts\/4870\/revisions"}],"predecessor-version":[{"id":4891,"href":"http:\/\/damas.laiglesiadelacomunidad.com\/index.php?rest_route=\/wp\/v2\/posts\/4870\/revisions\/4891"}],"wp:attachment":[{"href":"http:\/\/damas.laiglesiadelacomunidad.com\/index.php?rest_route=%2Fwp%2Fv2%2Fmedia&parent=4870"}],"wp:term":[{"taxonomy":"category","embeddable":true,"href":"http:\/\/damas.laiglesiadelacomunidad.com\/index.php?rest_route=%2Fwp%2Fv2%2Fcategories&post=4870"},{"taxonomy":"post_tag","embeddable":true,"href":"http:\/\/damas.laiglesiadelacomunidad.com\/index.php?rest_route=%2Fwp%2Fv2%2Ftags&post=4870"}],"curies":[{"name":"wp","href":"https:\/\/api.w.org\/{rel}","templated":true}]}}