{"id":4730,"date":"2014-08-15T20:50:38","date_gmt":"2014-08-16T01:50:38","guid":{"rendered":"http:\/\/damas.laiglesiadelacomunidad.com\/?p=4730"},"modified":"2014-08-15T20:50:38","modified_gmt":"2014-08-16T01:50:38","slug":"ser-luz-%e2%98%ba","status":"publish","type":"post","link":"http:\/\/damas.laiglesiadelacomunidad.com\/?p=4730","title":{"rendered":"Ser luz \u263a"},"content":{"rendered":"<p>Mateo 5:16Traducci\u00f3n en lenguaje actual (TLA)<\/p>\n<p>16\u00a0De la misma manera, la conducta de ustedes debe ser como una luz que ilumine y muestre c\u00f3mo se obedece a<br \/>\nDios. Hagan buenas acciones. As\u00ed los dem\u00e1s las ver\u00e1n y alabar\u00e1n a Dios, el Padre de ustedes que est\u00e1 en el cielo.<\/p>\n<p><a href=\"http:\/\/damas.laiglesiadelacomunidad.com\/wp-content\/uploads\/2014\/08\/wpid-img_10782211003573.jpeg\"><img decoding=\"async\" title=\"IMG_10782211003573.jpeg\" class=\"alignnone size-full\" alt=\"image\" src=\"http:\/\/damas.laiglesiadelacomunidad.com\/wp-content\/uploads\/2014\/08\/wpid-img_10782211003573.jpeg\" \/><\/a><\/p>\n","protected":false},"excerpt":{"rendered":"<p>Mateo 5:16Traducci\u00f3n en lenguaje actual (TLA) 16\u00a0De la misma manera, la conducta de ustedes debe ser como una luz que ilumine y muestre c\u00f3mo se obedece a Dios. Hagan buenas acciones. As\u00ed los dem\u00e1s las ver\u00e1n y alabar\u00e1n a Dios, el Padre de ustedes que est\u00e1 en el cielo.<\/p>\n","protected":false},"author":3,"featured_media":0,"comment_status":"open","ping_status":"open","sticky":false,"template":"","format":"standard","meta":{"footnotes":""},"categories":[1],"tags":[],"_links":{"self":[{"href":"http:\/\/damas.laiglesiadelacomunidad.com\/index.php?rest_route=\/wp\/v2\/posts\/4730"}],"collection":[{"href":"http:\/\/damas.laiglesiadelacomunidad.com\/index.php?rest_route=\/wp\/v2\/posts"}],"about":[{"href":"http:\/\/damas.laiglesiadelacomunidad.com\/index.php?rest_route=\/wp\/v2\/types\/post"}],"author":[{"embeddable":true,"href":"http:\/\/damas.laiglesiadelacomunidad.com\/index.php?rest_route=\/wp\/v2\/users\/3"}],"replies":[{"embeddable":true,"href":"http:\/\/damas.laiglesiadelacomunidad.com\/index.php?rest_route=%2Fwp%2Fv2%2Fcomments&post=4730"}],"version-history":[{"count":1,"href":"http:\/\/damas.laiglesiadelacomunidad.com\/index.php?rest_route=\/wp\/v2\/posts\/4730\/revisions"}],"predecessor-version":[{"id":4731,"href":"http:\/\/damas.laiglesiadelacomunidad.com\/index.php?rest_route=\/wp\/v2\/posts\/4730\/revisions\/4731"}],"wp:attachment":[{"href":"http:\/\/damas.laiglesiadelacomunidad.com\/index.php?rest_route=%2Fwp%2Fv2%2Fmedia&parent=4730"}],"wp:term":[{"taxonomy":"category","embeddable":true,"href":"http:\/\/damas.laiglesiadelacomunidad.com\/index.php?rest_route=%2Fwp%2Fv2%2Fcategories&post=4730"},{"taxonomy":"post_tag","embeddable":true,"href":"http:\/\/damas.laiglesiadelacomunidad.com\/index.php?rest_route=%2Fwp%2Fv2%2Ftags&post=4730"}],"curies":[{"name":"wp","href":"https:\/\/api.w.org\/{rel}","templated":true}]}}