{"id":4727,"date":"2014-08-15T09:07:08","date_gmt":"2014-08-15T14:07:08","guid":{"rendered":"http:\/\/damas.laiglesiadelacomunidad.com\/?p=4727"},"modified":"2014-08-15T09:07:08","modified_gmt":"2014-08-15T14:07:08","slug":"versiculos-para-meditar-35","status":"publish","type":"post","link":"http:\/\/damas.laiglesiadelacomunidad.com\/?p=4727","title":{"rendered":"Vers\u00edculos para Meditar"},"content":{"rendered":"<div class=\"m\" style=\"color: #444444;\"><span class=\"verse v5\" data-usfm=\"MAT.15.5\"><span class=\"content\">Pero ustedes dicen: \u201cCualquiera que diga a su padre o a su madre: \u2018Todo aquello con lo que podr\u00eda ayudarte es mi ofrenda a Dios\u2019,\u00a0<\/span><\/span>ya no tiene que honrar a su padre o a su madre.\u201d Y as\u00ed, por la tradici\u00f3n de ustedes, invalidan el mandamiento de Dios.<\/div>\n<div class=\"m\" style=\"color: #444444;\"><span class=\"verse v7\" data-usfm=\"MAT.15.7\"><span class=\"content\">\u00a1Hip\u00f3critas! Bien profetiz\u00f3 de ustedes Isa\u00edas, cuando dijo:<\/span><\/span><\/div>\n<div class=\"q\" style=\"color: #444444;\"><span class=\"verse v8 highlighted\" data-usfm=\"MAT.15.8\" data-highlight-color=\"#fffe00\"><span class=\"content\">\u201cEste pueblo me honra con los labios,<\/span><\/span><\/div>\n<div class=\"q\" style=\"color: #444444;\"><span class=\"verse v8 highlighted\" data-usfm=\"MAT.15.8\" data-highlight-color=\"#fffe00\"><span class=\"content\">pero su coraz\u00f3n est\u00e1 lejos de m\u00ed.<\/span><\/span><\/div>\n<div class=\"q\" style=\"color: #444444;\"><span class=\"verse v9 highlighted\" data-usfm=\"MAT.15.9\" data-highlight-color=\"#fffe00\"><span class=\"content\">No tiene sentido que me honren,<\/span><\/span><\/div>\n<div class=\"q\" style=\"color: #444444;\"><span class=\"verse v9 highlighted\" data-usfm=\"MAT.15.9\" data-highlight-color=\"#fffe00\"><span class=\"content\">si sus ense\u00f1anzas son mandamientos humanos.\u201d\u00bb Mateo 15:5-9<\/span><\/span><\/div>\n","protected":false},"excerpt":{"rendered":"<p>Pero ustedes dicen: \u201cCualquiera que diga a su padre o a su madre: \u2018Todo aquello con lo que podr\u00eda ayudarte es mi ofrenda a Dios\u2019,\u00a0ya no tiene que honrar a su padre o a su madre.\u201d Y as\u00ed, por la tradici\u00f3n de ustedes, invalidan el mandamiento de Dios. \u00a1Hip\u00f3critas! Bien profetiz\u00f3 de ustedes Isa\u00edas, cuando &hellip; <a href=\"http:\/\/damas.laiglesiadelacomunidad.com\/?p=4727\" class=\"more-link\">Continue reading <span class=\"screen-reader-text\">Vers\u00edculos para Meditar<\/span> <span class=\"meta-nav\">&rarr;<\/span><\/a><\/p>\n","protected":false},"author":2,"featured_media":0,"comment_status":"open","ping_status":"open","sticky":false,"template":"","format":"link","meta":{"footnotes":""},"categories":[5],"tags":[],"_links":{"self":[{"href":"http:\/\/damas.laiglesiadelacomunidad.com\/index.php?rest_route=\/wp\/v2\/posts\/4727"}],"collection":[{"href":"http:\/\/damas.laiglesiadelacomunidad.com\/index.php?rest_route=\/wp\/v2\/posts"}],"about":[{"href":"http:\/\/damas.laiglesiadelacomunidad.com\/index.php?rest_route=\/wp\/v2\/types\/post"}],"author":[{"embeddable":true,"href":"http:\/\/damas.laiglesiadelacomunidad.com\/index.php?rest_route=\/wp\/v2\/users\/2"}],"replies":[{"embeddable":true,"href":"http:\/\/damas.laiglesiadelacomunidad.com\/index.php?rest_route=%2Fwp%2Fv2%2Fcomments&post=4727"}],"version-history":[{"count":1,"href":"http:\/\/damas.laiglesiadelacomunidad.com\/index.php?rest_route=\/wp\/v2\/posts\/4727\/revisions"}],"predecessor-version":[{"id":4728,"href":"http:\/\/damas.laiglesiadelacomunidad.com\/index.php?rest_route=\/wp\/v2\/posts\/4727\/revisions\/4728"}],"wp:attachment":[{"href":"http:\/\/damas.laiglesiadelacomunidad.com\/index.php?rest_route=%2Fwp%2Fv2%2Fmedia&parent=4727"}],"wp:term":[{"taxonomy":"category","embeddable":true,"href":"http:\/\/damas.laiglesiadelacomunidad.com\/index.php?rest_route=%2Fwp%2Fv2%2Fcategories&post=4727"},{"taxonomy":"post_tag","embeddable":true,"href":"http:\/\/damas.laiglesiadelacomunidad.com\/index.php?rest_route=%2Fwp%2Fv2%2Ftags&post=4727"}],"curies":[{"name":"wp","href":"https:\/\/api.w.org\/{rel}","templated":true}]}}