{"id":4705,"date":"2014-08-14T21:23:34","date_gmt":"2014-08-15T02:23:34","guid":{"rendered":"http:\/\/damas.laiglesiadelacomunidad.com\/?p=4705"},"modified":"2014-08-14T21:35:03","modified_gmt":"2014-08-15T02:35:03","slug":"estudio-jueves-14-de-agosto-2014","status":"publish","type":"post","link":"http:\/\/damas.laiglesiadelacomunidad.com\/?p=4705","title":{"rendered":"Estudio Jueves 14 de Agosto 2014"},"content":{"rendered":"<p>Gracias a Dios por todas ustedes, No saben que especial me hacen sentir con su cari\u00f1o, gracias a todas, gracias a Chely y Kari por su fidelidad con este grupo, gracias por continuar ense\u00f1ando el evangelio y por sus vidas y por sus testimonios. Gracias por ense\u00f1ar al mundo que Jes\u00fas no muri\u00f3 en valde.<\/p>\n<p>Juan 20 nos habla de la resurecci\u00f3n de nuestro Se\u00f1or Jesucristo el venci\u00f3 la muerte y por su causa podemos ser salvos y ayudar a otros a ser salvos por predicar el evangelio de Jes\u00fas, ense\u00f1andoles a tomar su decisi\u00f3n por arrepentirse y bautizarse. Que nada ni nadie nos detenga en tomar esa decisi\u00f3n. Nos gozaremos juntas el d\u00eda que eso suceda para las que aun no lo han hecho. Y para las que ya lo hemos hecho, sigamos luchando y evangelizando y llevando el evangelio a las que aun no lo han escuchado.<\/p>\n<p><strong><span class=\"text John-20-1\" style=\"color: #000000;\">El primer d\u00eda de la semana, muy temprano, cuando todav\u00eda estaba oscuro, Mar\u00eda Magdalena fue al sepulcro y vio que la piedra del sepulcro hab\u00eda sido quitada.<\/span><span id=\"es-RVC-26871\" class=\"text John-20-2\" style=\"color: #000000;\"><span class=\"versenum\">\u00a0<\/span>Entonces fue corriendo a ver a Sim\u00f3n Pedro y al otro disc\u00edpulo, aquel al que Jes\u00fas amaba, y les dijo: \u00ab\u00a1Se han llevado del sepulcro al Se\u00f1or, y no sabemos d\u00f3nde lo han puesto!\u00bb<\/span><span style=\"color: #000000;\">\u00a0<\/span><span id=\"es-RVC-26872\" class=\"text John-20-3\" style=\"color: #000000;\">Pedro y el otro disc\u00edpulo salieron y fueron al sepulcro.<\/span><span style=\"color: #000000;\">\u00a0<\/span><span id=\"es-RVC-26873\" class=\"text John-20-4\" style=\"color: #000000;\">Corr\u00edan los dos juntos, aunque el otro disc\u00edpulo corri\u00f3 m\u00e1s aprisa que Pedro, y lleg\u00f3 primero al sepulcro.<\/span><span style=\"color: #000000;\">\u00a0<\/span><span id=\"es-RVC-26874\" class=\"text John-20-5\" style=\"color: #000000;\">Cuando se acerc\u00f3 para mirar, vio los lienzos puestos all\u00ed, pero no entr\u00f3.<\/span><span id=\"es-RVC-26875\" class=\"text John-20-6\" style=\"color: #000000;\">Tras \u00e9l lleg\u00f3 Sim\u00f3n Pedro, y entr\u00f3 en el sepulcro, y vio los lienzos puestos all\u00ed;<\/span><span style=\"color: #000000;\">\u00a0<\/span><span id=\"es-RVC-26876\" class=\"text John-20-7\" style=\"color: #000000;\">pero el sudario, que hab\u00eda estado sobre la cabeza de Jes\u00fas, no estaba puesto con los lienzos, sino enrollado en un lugar aparte.<\/span><span style=\"color: #000000;\">\u00a0<\/span><span id=\"es-RVC-26877\" class=\"text John-20-8\" style=\"color: #000000;\">Entonces entr\u00f3 tambi\u00e9n el otro disc\u00edpulo, el que hab\u00eda llegado primero al sepulcro; y al ver todo eso, crey\u00f3.<\/span><span style=\"color: #000000;\">\u00a0<\/span><span id=\"es-RVC-26878\" class=\"text John-20-9\" style=\"color: #000000;\">Y es que a\u00fan no hab\u00edan entendido la Escritura, de que era necesario que \u00e9l resucitara de los muertos.\u00a0<\/span><\/strong><span id=\"es-RVC-26879\" class=\"text John-20-10\" style=\"color: #000000;\"><strong>Y los disc\u00edpulos volvieron a sus casas.<\/strong> Juan 20:1-10<\/span><\/p>\n<p>Las amo mucho.<\/p>\n<p>Jackie C.<\/p>\n<p><a href=\"http:\/\/damas.laiglesiadelacomunidad.com\/wp-content\/uploads\/2014\/08\/IMG_0059.jpg\"><img decoding=\"async\" class=\"alignnone size-full\" src=\"http:\/\/damas.laiglesiadelacomunidad.com\/wp-content\/uploads\/2014\/08\/IMG_0059.jpg\" alt=\"IMG_0059.JPG\" \/><\/a><\/p>\n<p><a href=\"http:\/\/damas.laiglesiadelacomunidad.com\/wp-content\/uploads\/2014\/08\/IMG_0061.jpg\"><img decoding=\"async\" class=\"alignnone size-full\" src=\"http:\/\/damas.laiglesiadelacomunidad.com\/wp-content\/uploads\/2014\/08\/IMG_0061.jpg\" alt=\"IMG_0061.JPG\" \/><\/a><\/p>\n<p><a href=\"http:\/\/damas.laiglesiadelacomunidad.com\/wp-content\/uploads\/2014\/08\/IMG_0062.jpg\"><img decoding=\"async\" class=\"alignnone size-full\" src=\"http:\/\/damas.laiglesiadelacomunidad.com\/wp-content\/uploads\/2014\/08\/IMG_0062.jpg\" alt=\"IMG_0062.JPG\" \/><\/a><\/p>\n<p><a href=\"http:\/\/damas.laiglesiadelacomunidad.com\/wp-content\/uploads\/2014\/08\/IMG_0055.jpg\"><img decoding=\"async\" class=\"alignnone size-full\" src=\"http:\/\/damas.laiglesiadelacomunidad.com\/wp-content\/uploads\/2014\/08\/IMG_0055.jpg\" alt=\"IMG_0055.JPG\" \/><\/a><\/p>\n<p><a href=\"http:\/\/damas.laiglesiadelacomunidad.com\/wp-content\/uploads\/2014\/08\/IMG_0063.jpg\"><img decoding=\"async\" class=\"alignnone size-full\" src=\"http:\/\/damas.laiglesiadelacomunidad.com\/wp-content\/uploads\/2014\/08\/IMG_0063.jpg\" alt=\"IMG_0063.JPG\" \/><\/a><\/p>\n<p><a href=\"http:\/\/damas.laiglesiadelacomunidad.com\/wp-content\/uploads\/2014\/08\/IMG_0056.jpg\"><img decoding=\"async\" class=\"alignnone size-full\" src=\"http:\/\/damas.laiglesiadelacomunidad.com\/wp-content\/uploads\/2014\/08\/IMG_0056.jpg\" alt=\"IMG_0056.JPG\" \/><\/a><\/p>\n<p><a href=\"http:\/\/damas.laiglesiadelacomunidad.com\/wp-content\/uploads\/2014\/08\/IMG_0057.jpg\"><img decoding=\"async\" class=\"alignnone size-full\" src=\"http:\/\/damas.laiglesiadelacomunidad.com\/wp-content\/uploads\/2014\/08\/IMG_0057.jpg\" alt=\"IMG_0057.JPG\" \/><\/a><\/p>\n<p><a href=\"http:\/\/damas.laiglesiadelacomunidad.com\/wp-content\/uploads\/2014\/08\/IMG_0058.jpg\"><img decoding=\"async\" class=\"alignnone size-full\" src=\"http:\/\/damas.laiglesiadelacomunidad.com\/wp-content\/uploads\/2014\/08\/IMG_0058.jpg\" alt=\"IMG_0058.JPG\" \/><\/a><\/p>\n<p><a href=\"http:\/\/damas.laiglesiadelacomunidad.com\/wp-content\/uploads\/2014\/08\/IMG_0060.jpg\"><img decoding=\"async\" class=\"alignnone size-full\" src=\"http:\/\/damas.laiglesiadelacomunidad.com\/wp-content\/uploads\/2014\/08\/IMG_0060.jpg\" alt=\"IMG_0060.JPG\" \/><\/a><\/p>\n<p><a href=\"http:\/\/damas.laiglesiadelacomunidad.com\/wp-content\/uploads\/2014\/08\/IMG_0061-0.jpg\"><img decoding=\"async\" class=\"alignnone size-full\" src=\"http:\/\/damas.laiglesiadelacomunidad.com\/wp-content\/uploads\/2014\/08\/IMG_0061-0.jpg\" alt=\"IMG_0061-0.JPG\" \/><\/a><\/p>\n<p><a href=\"http:\/\/damas.laiglesiadelacomunidad.com\/wp-content\/uploads\/2014\/08\/IMG_0065.jpg\"><img decoding=\"async\" class=\"alignnone size-full\" src=\"http:\/\/damas.laiglesiadelacomunidad.com\/wp-content\/uploads\/2014\/08\/IMG_0065.jpg\" alt=\"IMG_0065.JPG\" \/><\/a><\/p>\n<p><a href=\"http:\/\/damas.laiglesiadelacomunidad.com\/wp-content\/uploads\/2014\/08\/IMG_0064.jpg\"><img decoding=\"async\" class=\"alignnone size-full\" src=\"http:\/\/damas.laiglesiadelacomunidad.com\/wp-content\/uploads\/2014\/08\/IMG_0064.jpg\" alt=\"IMG_0064.JPG\" \/><\/a><\/p>\n","protected":false},"excerpt":{"rendered":"<p>Gracias a Dios por todas ustedes, No saben que especial me hacen sentir con su cari\u00f1o, gracias a todas, gracias a Chely y Kari por su fidelidad con este grupo, gracias por continuar ense\u00f1ando el evangelio y por sus vidas y por sus testimonios. Gracias por ense\u00f1ar al mundo que Jes\u00fas no muri\u00f3 en valde. &hellip; <a href=\"http:\/\/damas.laiglesiadelacomunidad.com\/?p=4705\" class=\"more-link\">Continue reading <span class=\"screen-reader-text\">Estudio Jueves 14 de Agosto 2014<\/span> <span class=\"meta-nav\">&rarr;<\/span><\/a><\/p>\n","protected":false},"author":2,"featured_media":0,"comment_status":"open","ping_status":"open","sticky":false,"template":"","format":"gallery","meta":{"footnotes":""},"categories":[6],"tags":[],"_links":{"self":[{"href":"http:\/\/damas.laiglesiadelacomunidad.com\/index.php?rest_route=\/wp\/v2\/posts\/4705"}],"collection":[{"href":"http:\/\/damas.laiglesiadelacomunidad.com\/index.php?rest_route=\/wp\/v2\/posts"}],"about":[{"href":"http:\/\/damas.laiglesiadelacomunidad.com\/index.php?rest_route=\/wp\/v2\/types\/post"}],"author":[{"embeddable":true,"href":"http:\/\/damas.laiglesiadelacomunidad.com\/index.php?rest_route=\/wp\/v2\/users\/2"}],"replies":[{"embeddable":true,"href":"http:\/\/damas.laiglesiadelacomunidad.com\/index.php?rest_route=%2Fwp%2Fv2%2Fcomments&post=4705"}],"version-history":[{"count":8,"href":"http:\/\/damas.laiglesiadelacomunidad.com\/index.php?rest_route=\/wp\/v2\/posts\/4705\/revisions"}],"predecessor-version":[{"id":4725,"href":"http:\/\/damas.laiglesiadelacomunidad.com\/index.php?rest_route=\/wp\/v2\/posts\/4705\/revisions\/4725"}],"wp:attachment":[{"href":"http:\/\/damas.laiglesiadelacomunidad.com\/index.php?rest_route=%2Fwp%2Fv2%2Fmedia&parent=4705"}],"wp:term":[{"taxonomy":"category","embeddable":true,"href":"http:\/\/damas.laiglesiadelacomunidad.com\/index.php?rest_route=%2Fwp%2Fv2%2Fcategories&post=4705"},{"taxonomy":"post_tag","embeddable":true,"href":"http:\/\/damas.laiglesiadelacomunidad.com\/index.php?rest_route=%2Fwp%2Fv2%2Ftags&post=4705"}],"curies":[{"name":"wp","href":"https:\/\/api.w.org\/{rel}","templated":true}]}}