{"id":4703,"date":"2014-08-14T11:56:29","date_gmt":"2014-08-14T16:56:29","guid":{"rendered":"http:\/\/damas.laiglesiadelacomunidad.com\/?p=4703"},"modified":"2014-08-14T11:56:29","modified_gmt":"2014-08-14T16:56:29","slug":"versiculos-para-meditar-34","status":"publish","type":"post","link":"http:\/\/damas.laiglesiadelacomunidad.com\/?p=4703","title":{"rendered":"Vers\u00edculos para Meditar"},"content":{"rendered":"<p><span class=\"content\" style=\"color: #444444;\">Si en alg\u00fan lugar no los reciben ni los escuchan, salgan de all\u00ed y sac\u00fadanse el polvo de los pies, como un testimonio contra ellos.\u00bb<\/span><span class=\"content\" style=\"color: #444444;\">\u00a0De cierto les digo que, en el d\u00eda del juicio, el castigo para los de Sodoma y Gomorra ser\u00e1 m\u00e1s tolerable que para aquella ciudad. Marcos 6:11<\/span><\/p>\n","protected":false},"excerpt":{"rendered":"<p>Si en alg\u00fan lugar no los reciben ni los escuchan, salgan de all\u00ed y sac\u00fadanse el polvo de los pies, como un testimonio contra ellos.\u00bb\u00a0De cierto les digo que, en el d\u00eda del juicio, el castigo para los de Sodoma y Gomorra ser\u00e1 m\u00e1s tolerable que para aquella ciudad. Marcos 6:11<\/p>\n","protected":false},"author":2,"featured_media":0,"comment_status":"open","ping_status":"open","sticky":false,"template":"","format":"standard","meta":{"footnotes":""},"categories":[5],"tags":[],"_links":{"self":[{"href":"http:\/\/damas.laiglesiadelacomunidad.com\/index.php?rest_route=\/wp\/v2\/posts\/4703"}],"collection":[{"href":"http:\/\/damas.laiglesiadelacomunidad.com\/index.php?rest_route=\/wp\/v2\/posts"}],"about":[{"href":"http:\/\/damas.laiglesiadelacomunidad.com\/index.php?rest_route=\/wp\/v2\/types\/post"}],"author":[{"embeddable":true,"href":"http:\/\/damas.laiglesiadelacomunidad.com\/index.php?rest_route=\/wp\/v2\/users\/2"}],"replies":[{"embeddable":true,"href":"http:\/\/damas.laiglesiadelacomunidad.com\/index.php?rest_route=%2Fwp%2Fv2%2Fcomments&post=4703"}],"version-history":[{"count":1,"href":"http:\/\/damas.laiglesiadelacomunidad.com\/index.php?rest_route=\/wp\/v2\/posts\/4703\/revisions"}],"predecessor-version":[{"id":4704,"href":"http:\/\/damas.laiglesiadelacomunidad.com\/index.php?rest_route=\/wp\/v2\/posts\/4703\/revisions\/4704"}],"wp:attachment":[{"href":"http:\/\/damas.laiglesiadelacomunidad.com\/index.php?rest_route=%2Fwp%2Fv2%2Fmedia&parent=4703"}],"wp:term":[{"taxonomy":"category","embeddable":true,"href":"http:\/\/damas.laiglesiadelacomunidad.com\/index.php?rest_route=%2Fwp%2Fv2%2Fcategories&post=4703"},{"taxonomy":"post_tag","embeddable":true,"href":"http:\/\/damas.laiglesiadelacomunidad.com\/index.php?rest_route=%2Fwp%2Fv2%2Ftags&post=4703"}],"curies":[{"name":"wp","href":"https:\/\/api.w.org\/{rel}","templated":true}]}}