{"id":4687,"date":"2014-08-13T22:01:50","date_gmt":"2014-08-14T03:01:50","guid":{"rendered":"http:\/\/damas.laiglesiadelacomunidad.com\/?p=4687"},"modified":"2014-08-14T23:50:47","modified_gmt":"2014-08-15T04:50:47","slug":"estudio-12-de-agosto-2014","status":"publish","type":"post","link":"http:\/\/damas.laiglesiadelacomunidad.com\/?p=4687","title":{"rendered":"Estudio 13 de Agosto 2014"},"content":{"rendered":"<p>Gracias Kari por abrir su casa y por la cena de bienvenida, Gracias a todas por su cari\u00f1o, es bueno esta de nuevo con mi comunidad, no saben como me hicieron falta. Gracias a Dios por todas ustedes, por hacernos ver su bondad y amor. Gracias Michelle por haber traido a Raulito al estudio, es lindo ver la respuesta a tantos ayunos y oraciones, y ver la Gloria de Dios en la vida de Raulito.<\/p>\n<p>Que exelente estudio gracias a todas por compartir sus testimonios, el tema del estudio de hoy fue <strong>&#8220;En Cristo, somos libre para rescatarnos y restaurarnos&#8221;\u00a0<\/strong>por todos los comentarios de hoy veo que si entendemos que el rescatarnos y restaurarnos es importante para cada una de nosotras, aunque a veces sentimos el deseo de no hacernos el hecho de ser espirituales no nos deja en paz y tenemos que confrontar a nuestras hermanas y por lo mismo, por ser espirituales sentimos la necesidad de cambiar cuando alguien nos confronta. S\u00f3lo el no querer cambiar y dejar de escuchar al Esp\u00edritu Santo nos hace no hacer caso a la confrontaci\u00f3n y nos hace caer en m\u00e1s pecado, alejarnos de nuestra comunidad e incluso cambiar de iglesia, pero como bien dijo Rocio, el hacer eso solo nos hace perdernos m\u00e1s y tal vez podemos enga\u00f1ar a los dem\u00e1s pero por adentro sabemos que estamos mal y equivocados, y a Dios no podemos lo podemos enga\u00f1ar y como vemos el no aceptar la confrontaci\u00f3n o poner excusas por no aceptarla no sirve para nada, mas bien nos aleja m\u00e1s y m\u00e1s de Dios.<\/p>\n<p class=\"chapter-1\" style=\"color: #000000;\"><strong><span id=\"es-RVC-29191\" class=\"text Gal-6-1\">Hermanos, si alguno es sorprendido en alguna falta, ustedes, que son espirituales, rest\u00e1urenlo con esp\u00edritu de mansedumbre. Piensa en ti mismo, no sea que tambi\u00e9n t\u00fa seas tentado.<\/span>\u00a0<span id=\"es-RVC-29192\" class=\"text Gal-6-2\">Sobrelleven los unos las cargas de los otros, y cumplan as\u00ed la ley de Cristo.<\/span>\u00a0<span id=\"es-RVC-29193\" class=\"text Gal-6-3\">Porque el que se cree ser algo, y no es nada, a s\u00ed mismo se enga\u00f1a.<\/span>\u00a0<span id=\"es-RVC-29194\" class=\"text Gal-6-4\">As\u00ed que, cada uno ponga a prueba su propia obra, y entonces tendr\u00e1 motivo de jactarse, pero s\u00f3lo respecto de s\u00ed mismo y no por otro;<\/span>\u00a0<span id=\"es-RVC-29195\" class=\"text Gal-6-5\">porque cada uno llevar\u00e1 su propia carga.\u00a0<\/span>El que recibe ense\u00f1anza en la palabra, haga part\u00edcipe de toda cosa buena al que lo ense\u00f1a.\u00a0No se enga\u00f1en. Dios no puede ser burlado. Todo lo que el hombre siembre, eso tambi\u00e9n cosechar\u00e1.\u00a0<\/strong>G\u00e1latas 6:1-7<\/p>\n<p style=\"color: #000000;\"><span style=\"color: rgb(128, 0, 0);\"><span class=\"text Matt-18-10\"><span class=\"versenum\" style=\"font-weight: bold;\">\u00a0<\/span>\u00bbTengan cuidado de no menospreciar a uno de estos peque\u00f1os, porque yo les digo que sus \u00e1ngeles en los cielos ven siempre el rostro de mi Padre que est\u00e1 en los cielos.<\/span><span id=\"es-RVC-23740\" class=\"text Matt-18-11\">Porque el Hijo del Hombre ha venido a salvar lo que se hab\u00eda perdido.<\/span>\u00a0<span id=\"es-RVC-23741\" class=\"text Matt-18-12\">\u00bfQu\u00e9 les parece? Si un hombre tiene cien ovejas, y una de ellas se pierde, \u00bfno deja las otras noventa y nueve y va por los montes a buscar la que se ha perdido?<\/span>\u00a0<span id=\"es-RVC-23742\" class=\"text Matt-18-13\">Si llega a encontrarla, de cierto les digo que se regocijar\u00e1 m\u00e1s por aqu\u00e9lla, que por las noventa y nueve que no se perdieron.<\/span>\u00a0<span id=\"es-RVC-23743\" class=\"text Matt-18-14\">Del mismo modo, el Padre de ustedes, que est\u00e1 en los cielos, no quiere que se pierda ninguno de estos peque\u00f1os.\u00a0<\/span><\/span><\/p>\n<p style=\"color: #000000;\"><span style=\"color: rgb(128, 0, 0);\"><span class=\"text Matt-18-15\">\u00bbPor tanto, si tu hermano peca contra ti, ve y repr\u00e9ndelo cuando \u00e9l y t\u00fa est\u00e9n solos. Si te hace caso, habr\u00e1s ganado a tu hermano.<\/span>\u00a0<span id=\"es-RVC-23745\" class=\"text Matt-18-16\">Pero si no te hace caso, haz que te acompa\u00f1en uno o dos m\u00e1s, para que todo lo que se diga conste en labios de dos o tres testigos.<\/span>\u00a0<span id=\"es-RVC-23746\" class=\"text Matt-18-17\">Si tampoco a ellos les hace caso, hazlo saber a la iglesia; y si tampoco a la iglesia le hace caso, t\u00e9nganlo entonces por gentil y cobrador de impuestos.<\/span>\u00a0<span id=\"es-RVC-23747\" class=\"text Matt-18-18\">De cierto les digo que todo lo que aten en la tierra, ser\u00e1 atado en el cielo; y todo lo que desaten en la tierra, ser\u00e1 desatado en el cielo.<\/span>\u00a0<span id=\"es-RVC-23748\" class=\"text Matt-18-19\">Una vez m\u00e1s les digo, que si en este mundo dos de ustedes se ponen de acuerdo en lo que piden, mi Padre, que est\u00e1 en los cielos, se lo conceder\u00e1.<\/span>\u00a0<span id=\"es-RVC-23749\" class=\"text Matt-18-20\">Porque donde dos o tres se re\u00fanen en mi nombre, all\u00ed estoy yo, en medio de ellos.\u00bb<\/span><\/span><\/p>\n<p style=\"color: #000000;\"><span id=\"es-RVC-23750\" class=\"text Matt-18-21\">Entonces se le acerc\u00f3 Pedro y le dijo: <span style=\"color: rgb(128, 0, 0);\">\u00abSe\u00f1or, si mi hermano peca contra m\u00ed, \u00bfcu\u00e1ntas veces debo perdonarlo? \u00bfHasta siete veces?\u00bb<\/span><\/span><span style=\"color: rgb(128, 0, 0);\">\u00a0<span id=\"es-RVC-23751\" class=\"text Matt-18-22\">Jes\u00fas le dijo: \u00abNo te digo que hasta siete veces, sino hasta setenta veces siete.\u00bb\u00a0<span style=\"color: rgb(0, 0, 0);\">Mateo 18:10-22<\/span><\/span><\/span><\/p>\n<p style=\"color: #000000;\">Se\u00f1or te pedimos que nos des el valor de \u00a0confrontar y ayudarte a rescatar a nuestras hermanas, tambi\u00e9n te pido que nos des un coraz\u00f3n dispuesto a ser rescatadas y restauradas, te pedimos por todas aquella personas a quienes hemos confrontado y nos se han arrepentido de su pecado que tu les ayudes a reconocer su pecado, a arrepentirse y volver de todo coraz\u00f3n a ti, te lo pedimos en nombre de Jesucristo nuestro Se\u00f1or, am\u00e9n.<\/p>\n<p style=\"color: #000000;\">Por favor sigan orando por esta obra, por mi hermanita y Raulito \ud83d\ude42<\/p>\n<p style=\"color: #000000;\">Que Dios siga bendiciendo su semana.<\/p>\n<p style=\"color: #000000;\">Jackie C.<\/p>\n<p><a href=\"http:\/\/damas.laiglesiadelacomunidad.com\/wp-content\/uploads\/2014\/08\/IMG_0041.jpg\"><img decoding=\"async\" src=\"http:\/\/damas.laiglesiadelacomunidad.com\/wp-content\/uploads\/2014\/08\/IMG_0041.jpg\" alt=\"IMG_0041.JPG\" class=\"alignnone size-full\" \/><\/a><\/p>\n<p><a href=\"http:\/\/damas.laiglesiadelacomunidad.com\/wp-content\/uploads\/2014\/08\/IMG_0029.jpg\"><img decoding=\"async\" src=\"http:\/\/damas.laiglesiadelacomunidad.com\/wp-content\/uploads\/2014\/08\/IMG_0029.jpg\" alt=\"IMG_0029.JPG\" class=\"alignnone size-full\" \/><\/a><\/p>\n<p><a href=\"http:\/\/damas.laiglesiadelacomunidad.com\/wp-content\/uploads\/2014\/08\/IMG_0033.jpg\"><img decoding=\"async\" src=\"http:\/\/damas.laiglesiadelacomunidad.com\/wp-content\/uploads\/2014\/08\/IMG_0033.jpg\" alt=\"IMG_0033.JPG\" class=\"alignnone size-full\" \/><\/a><\/p>\n<p><a href=\"http:\/\/damas.laiglesiadelacomunidad.com\/wp-content\/uploads\/2014\/08\/IMG_0034.jpg\"><img decoding=\"async\" src=\"http:\/\/damas.laiglesiadelacomunidad.com\/wp-content\/uploads\/2014\/08\/IMG_0034.jpg\" alt=\"IMG_0034.JPG\" class=\"alignnone size-full\" \/><\/a><\/p>\n<p><a href=\"http:\/\/damas.laiglesiadelacomunidad.com\/wp-content\/uploads\/2014\/08\/IMG_0035.jpg\"><img decoding=\"async\" src=\"http:\/\/damas.laiglesiadelacomunidad.com\/wp-content\/uploads\/2014\/08\/IMG_0035.jpg\" alt=\"IMG_0035.JPG\" class=\"alignnone size-full\" \/><\/a><\/p>\n<p><a href=\"http:\/\/damas.laiglesiadelacomunidad.com\/wp-content\/uploads\/2014\/08\/IMG_0036.jpg\"><img decoding=\"async\" src=\"http:\/\/damas.laiglesiadelacomunidad.com\/wp-content\/uploads\/2014\/08\/IMG_0036.jpg\" alt=\"IMG_0036.JPG\" class=\"alignnone size-full\" \/><\/a><\/p>\n<p><a href=\"http:\/\/damas.laiglesiadelacomunidad.com\/wp-content\/uploads\/2014\/08\/IMG_0037.jpg\"><img decoding=\"async\" src=\"http:\/\/damas.laiglesiadelacomunidad.com\/wp-content\/uploads\/2014\/08\/IMG_0037.jpg\" alt=\"IMG_0037.JPG\" class=\"alignnone size-full\" \/><\/a><\/p>\n<p><a href=\"http:\/\/damas.laiglesiadelacomunidad.com\/wp-content\/uploads\/2014\/08\/IMG_0040.jpg\"><img decoding=\"async\" src=\"http:\/\/damas.laiglesiadelacomunidad.com\/wp-content\/uploads\/2014\/08\/IMG_0040.jpg\" alt=\"IMG_0040.JPG\" class=\"alignnone size-full\" \/><\/a><\/p>\n<p><a href=\"http:\/\/damas.laiglesiadelacomunidad.com\/wp-content\/uploads\/2014\/08\/IMG_0038.jpg\"><img decoding=\"async\" src=\"http:\/\/damas.laiglesiadelacomunidad.com\/wp-content\/uploads\/2014\/08\/IMG_0038.jpg\" alt=\"IMG_0038.JPG\" class=\"alignnone size-full\" \/><\/a><\/p>\n<p><a href=\"http:\/\/damas.laiglesiadelacomunidad.com\/wp-content\/uploads\/2014\/08\/IMG_0042.jpg\"><img decoding=\"async\" src=\"http:\/\/damas.laiglesiadelacomunidad.com\/wp-content\/uploads\/2014\/08\/IMG_0042.jpg\" alt=\"IMG_0042.JPG\" class=\"alignnone size-full\" \/><\/a><\/p>\n<p><a href=\"http:\/\/damas.laiglesiadelacomunidad.com\/wp-content\/uploads\/2014\/08\/IMG_0044.jpg\"><img decoding=\"async\" src=\"http:\/\/damas.laiglesiadelacomunidad.com\/wp-content\/uploads\/2014\/08\/IMG_0044.jpg\" alt=\"IMG_0044.JPG\" class=\"alignnone size-full\" \/><\/a><\/p>\n<p><a href=\"http:\/\/damas.laiglesiadelacomunidad.com\/wp-content\/uploads\/2014\/08\/IMG_0045.jpg\"><img decoding=\"async\" src=\"http:\/\/damas.laiglesiadelacomunidad.com\/wp-content\/uploads\/2014\/08\/IMG_0045.jpg\" alt=\"IMG_0045.JPG\" class=\"alignnone size-full\" \/><\/a><\/p>\n<p><a href=\"http:\/\/damas.laiglesiadelacomunidad.com\/wp-content\/uploads\/2014\/08\/IMG_0046.jpg\"><img decoding=\"async\" src=\"http:\/\/damas.laiglesiadelacomunidad.com\/wp-content\/uploads\/2014\/08\/IMG_0046.jpg\" alt=\"IMG_0046.JPG\" class=\"alignnone size-full\" \/><\/a><\/p>\n","protected":false},"excerpt":{"rendered":"<p>Gracias Kari por abrir su casa y por la cena de bienvenida, Gracias a todas por su cari\u00f1o, es bueno esta de nuevo con mi comunidad, no saben como me hicieron falta. Gracias a Dios por todas ustedes, por hacernos ver su bondad y amor. Gracias Michelle por haber traido a Raulito al estudio, es &hellip; <a href=\"http:\/\/damas.laiglesiadelacomunidad.com\/?p=4687\" class=\"more-link\">Continue reading <span class=\"screen-reader-text\">Estudio 13 de Agosto 2014<\/span> <span class=\"meta-nav\">&rarr;<\/span><\/a><\/p>\n","protected":false},"author":2,"featured_media":0,"comment_status":"open","ping_status":"open","sticky":false,"template":"","format":"chat","meta":{"footnotes":""},"categories":[6],"tags":[],"_links":{"self":[{"href":"http:\/\/damas.laiglesiadelacomunidad.com\/index.php?rest_route=\/wp\/v2\/posts\/4687"}],"collection":[{"href":"http:\/\/damas.laiglesiadelacomunidad.com\/index.php?rest_route=\/wp\/v2\/posts"}],"about":[{"href":"http:\/\/damas.laiglesiadelacomunidad.com\/index.php?rest_route=\/wp\/v2\/types\/post"}],"author":[{"embeddable":true,"href":"http:\/\/damas.laiglesiadelacomunidad.com\/index.php?rest_route=\/wp\/v2\/users\/2"}],"replies":[{"embeddable":true,"href":"http:\/\/damas.laiglesiadelacomunidad.com\/index.php?rest_route=%2Fwp%2Fv2%2Fcomments&post=4687"}],"version-history":[{"count":3,"href":"http:\/\/damas.laiglesiadelacomunidad.com\/index.php?rest_route=\/wp\/v2\/posts\/4687\/revisions"}],"predecessor-version":[{"id":4726,"href":"http:\/\/damas.laiglesiadelacomunidad.com\/index.php?rest_route=\/wp\/v2\/posts\/4687\/revisions\/4726"}],"wp:attachment":[{"href":"http:\/\/damas.laiglesiadelacomunidad.com\/index.php?rest_route=%2Fwp%2Fv2%2Fmedia&parent=4687"}],"wp:term":[{"taxonomy":"category","embeddable":true,"href":"http:\/\/damas.laiglesiadelacomunidad.com\/index.php?rest_route=%2Fwp%2Fv2%2Fcategories&post=4687"},{"taxonomy":"post_tag","embeddable":true,"href":"http:\/\/damas.laiglesiadelacomunidad.com\/index.php?rest_route=%2Fwp%2Fv2%2Ftags&post=4687"}],"curies":[{"name":"wp","href":"https:\/\/api.w.org\/{rel}","templated":true}]}}