{"id":4683,"date":"2014-08-13T08:40:05","date_gmt":"2014-08-13T13:40:05","guid":{"rendered":"http:\/\/damas.laiglesiadelacomunidad.com\/?p=4683"},"modified":"2014-08-13T10:25:57","modified_gmt":"2014-08-13T15:25:57","slug":"versiculos-para-meditar-33","status":"publish","type":"post","link":"http:\/\/damas.laiglesiadelacomunidad.com\/?p=4683","title":{"rendered":"Vers\u00edculos para meditar"},"content":{"rendered":"<p>\u00bbCuando el esp\u00edritu impuro sale del hombre, anda por lugares \u00e1ridos en busca de reposo, pero al no encontrarlo dice: \u201cVolver\u00e9 a mi casa, de donde sal\u00ed.\u201d Y cuando llega y la encuentra barrida y adornada, va y trae otros siete esp\u00edritus peores que \u00e9l, y todos entran y all\u00ed se quedan a vivir. \u00a1Y el estado final de aquel hombre resulta peor que el primero!\u00bb (\u202dSan Lucas\u202c \u202d11\u202c:\u202d24-26\u202c RVC)<\/p>\n","protected":false},"excerpt":{"rendered":"<p>\u00bbCuando el esp\u00edritu impuro sale del hombre, anda por lugares \u00e1ridos en busca de reposo, pero al no encontrarlo dice: \u201cVolver\u00e9 a mi casa, de donde sal\u00ed.\u201d Y cuando llega y la encuentra barrida y adornada, va y trae otros siete esp\u00edritus peores que \u00e9l, y todos entran y all\u00ed se quedan a vivir. \u00a1Y &hellip; <a href=\"http:\/\/damas.laiglesiadelacomunidad.com\/?p=4683\" class=\"more-link\">Continue reading <span class=\"screen-reader-text\">Vers\u00edculos para meditar<\/span> <span class=\"meta-nav\">&rarr;<\/span><\/a><\/p>\n","protected":false},"author":2,"featured_media":0,"comment_status":"open","ping_status":"open","sticky":false,"template":"","format":"standard","meta":{"footnotes":""},"categories":[5],"tags":[],"_links":{"self":[{"href":"http:\/\/damas.laiglesiadelacomunidad.com\/index.php?rest_route=\/wp\/v2\/posts\/4683"}],"collection":[{"href":"http:\/\/damas.laiglesiadelacomunidad.com\/index.php?rest_route=\/wp\/v2\/posts"}],"about":[{"href":"http:\/\/damas.laiglesiadelacomunidad.com\/index.php?rest_route=\/wp\/v2\/types\/post"}],"author":[{"embeddable":true,"href":"http:\/\/damas.laiglesiadelacomunidad.com\/index.php?rest_route=\/wp\/v2\/users\/2"}],"replies":[{"embeddable":true,"href":"http:\/\/damas.laiglesiadelacomunidad.com\/index.php?rest_route=%2Fwp%2Fv2%2Fcomments&post=4683"}],"version-history":[{"count":1,"href":"http:\/\/damas.laiglesiadelacomunidad.com\/index.php?rest_route=\/wp\/v2\/posts\/4683\/revisions"}],"predecessor-version":[{"id":4684,"href":"http:\/\/damas.laiglesiadelacomunidad.com\/index.php?rest_route=\/wp\/v2\/posts\/4683\/revisions\/4684"}],"wp:attachment":[{"href":"http:\/\/damas.laiglesiadelacomunidad.com\/index.php?rest_route=%2Fwp%2Fv2%2Fmedia&parent=4683"}],"wp:term":[{"taxonomy":"category","embeddable":true,"href":"http:\/\/damas.laiglesiadelacomunidad.com\/index.php?rest_route=%2Fwp%2Fv2%2Fcategories&post=4683"},{"taxonomy":"post_tag","embeddable":true,"href":"http:\/\/damas.laiglesiadelacomunidad.com\/index.php?rest_route=%2Fwp%2Fv2%2Ftags&post=4683"}],"curies":[{"name":"wp","href":"https:\/\/api.w.org\/{rel}","templated":true}]}}