{"id":4681,"date":"2014-08-12T12:13:43","date_gmt":"2014-08-12T17:13:43","guid":{"rendered":"http:\/\/damas.laiglesiadelacomunidad.com\/?p=4681"},"modified":"2014-08-13T13:56:08","modified_gmt":"2014-08-13T18:56:08","slug":"nueva-cancion-13","status":"publish","type":"post","link":"http:\/\/damas.laiglesiadelacomunidad.com\/?p=4681","title":{"rendered":"Nueva Canci\u00f3n"},"content":{"rendered":"<p><iframe loading=\"lazy\" width=\"604\" height=\"453\" src=\"http:\/\/www.youtube.com\/embed\/AQxbcSEk2dY?feature=oembed\" frameborder=\"0\" allowfullscreen><\/iframe><\/p>\n<p>Linda canci\u00f3n, les va a gustar, linda para adorar a nuestro Salvador.<\/p>\n<p><iframe loading=\"lazy\" width=\"604\" height=\"340\" src=\"https:\/\/www.youtube.com\/embed\/wGAWXnvKUvY?feature=oembed\" frameborder=\"0\" allowfullscreen><\/iframe><\/p>\n<p>Y \u00e9sta es la canci\u00f3n que hemos estado cantando &#8220;OCEANOS&#8221;<\/p>\n","protected":false},"excerpt":{"rendered":"<p>Linda canci\u00f3n, les va a gustar, linda para adorar a nuestro Salvador. Y \u00e9sta es la canci\u00f3n que hemos estado cantando &#8220;OCEANOS&#8221;<\/p>\n","protected":false},"author":2,"featured_media":0,"comment_status":"open","ping_status":"open","sticky":false,"template":"","format":"audio","meta":{"footnotes":""},"categories":[21],"tags":[],"_links":{"self":[{"href":"http:\/\/damas.laiglesiadelacomunidad.com\/index.php?rest_route=\/wp\/v2\/posts\/4681"}],"collection":[{"href":"http:\/\/damas.laiglesiadelacomunidad.com\/index.php?rest_route=\/wp\/v2\/posts"}],"about":[{"href":"http:\/\/damas.laiglesiadelacomunidad.com\/index.php?rest_route=\/wp\/v2\/types\/post"}],"author":[{"embeddable":true,"href":"http:\/\/damas.laiglesiadelacomunidad.com\/index.php?rest_route=\/wp\/v2\/users\/2"}],"replies":[{"embeddable":true,"href":"http:\/\/damas.laiglesiadelacomunidad.com\/index.php?rest_route=%2Fwp%2Fv2%2Fcomments&post=4681"}],"version-history":[{"count":2,"href":"http:\/\/damas.laiglesiadelacomunidad.com\/index.php?rest_route=\/wp\/v2\/posts\/4681\/revisions"}],"predecessor-version":[{"id":4685,"href":"http:\/\/damas.laiglesiadelacomunidad.com\/index.php?rest_route=\/wp\/v2\/posts\/4681\/revisions\/4685"}],"wp:attachment":[{"href":"http:\/\/damas.laiglesiadelacomunidad.com\/index.php?rest_route=%2Fwp%2Fv2%2Fmedia&parent=4681"}],"wp:term":[{"taxonomy":"category","embeddable":true,"href":"http:\/\/damas.laiglesiadelacomunidad.com\/index.php?rest_route=%2Fwp%2Fv2%2Fcategories&post=4681"},{"taxonomy":"post_tag","embeddable":true,"href":"http:\/\/damas.laiglesiadelacomunidad.com\/index.php?rest_route=%2Fwp%2Fv2%2Ftags&post=4681"}],"curies":[{"name":"wp","href":"https:\/\/api.w.org\/{rel}","templated":true}]}}