{"id":4679,"date":"2014-08-12T08:15:40","date_gmt":"2014-08-12T13:15:40","guid":{"rendered":"http:\/\/damas.laiglesiadelacomunidad.com\/?p=4679"},"modified":"2014-08-12T08:15:40","modified_gmt":"2014-08-12T13:15:40","slug":"versiculos-para-meditar-32","status":"publish","type":"post","link":"http:\/\/damas.laiglesiadelacomunidad.com\/?p=4679","title":{"rendered":"Vers\u00edculos para Meditar"},"content":{"rendered":"<div class=\"p\" style=\"color: #444444;\"><span class=\"verse v11\" style=\"color: #ff0000;\" data-usfm=\"MAT.5.11\"><span class=\"content\">\u00bbBienaventurados ser\u00e1n ustedes cuando por mi causa los insulten y persigan, y mientan y digan contra ustedes toda clase de mal.<\/span><\/span><\/div>\n<div class=\"m\" style=\"color: #444444;\"><span class=\"verse v12\" data-usfm=\"MAT.5.12\"><span style=\"color: #ff0000;\"><span class=\"content\">G\u00f3cense y al\u00e9grense, porque en los cielos ya tienen ustedes un gran galard\u00f3n; pues as\u00ed persiguieron a los profetas\u00a0<\/span><\/span><span class=\"content\"><span style=\"color: #ff0000;\">que vivieron antes que ustedes.<\/span> Mateo 5:11-12<\/span><\/span><\/div>\n","protected":false},"excerpt":{"rendered":"<p>\u00bbBienaventurados ser\u00e1n ustedes cuando por mi causa los insulten y persigan, y mientan y digan contra ustedes toda clase de mal. G\u00f3cense y al\u00e9grense, porque en los cielos ya tienen ustedes un gran galard\u00f3n; pues as\u00ed persiguieron a los profetas\u00a0que vivieron antes que ustedes. Mateo 5:11-12<\/p>\n","protected":false},"author":2,"featured_media":0,"comment_status":"open","ping_status":"open","sticky":false,"template":"","format":"standard","meta":{"footnotes":""},"categories":[1],"tags":[],"_links":{"self":[{"href":"http:\/\/damas.laiglesiadelacomunidad.com\/index.php?rest_route=\/wp\/v2\/posts\/4679"}],"collection":[{"href":"http:\/\/damas.laiglesiadelacomunidad.com\/index.php?rest_route=\/wp\/v2\/posts"}],"about":[{"href":"http:\/\/damas.laiglesiadelacomunidad.com\/index.php?rest_route=\/wp\/v2\/types\/post"}],"author":[{"embeddable":true,"href":"http:\/\/damas.laiglesiadelacomunidad.com\/index.php?rest_route=\/wp\/v2\/users\/2"}],"replies":[{"embeddable":true,"href":"http:\/\/damas.laiglesiadelacomunidad.com\/index.php?rest_route=%2Fwp%2Fv2%2Fcomments&post=4679"}],"version-history":[{"count":1,"href":"http:\/\/damas.laiglesiadelacomunidad.com\/index.php?rest_route=\/wp\/v2\/posts\/4679\/revisions"}],"predecessor-version":[{"id":4680,"href":"http:\/\/damas.laiglesiadelacomunidad.com\/index.php?rest_route=\/wp\/v2\/posts\/4679\/revisions\/4680"}],"wp:attachment":[{"href":"http:\/\/damas.laiglesiadelacomunidad.com\/index.php?rest_route=%2Fwp%2Fv2%2Fmedia&parent=4679"}],"wp:term":[{"taxonomy":"category","embeddable":true,"href":"http:\/\/damas.laiglesiadelacomunidad.com\/index.php?rest_route=%2Fwp%2Fv2%2Fcategories&post=4679"},{"taxonomy":"post_tag","embeddable":true,"href":"http:\/\/damas.laiglesiadelacomunidad.com\/index.php?rest_route=%2Fwp%2Fv2%2Ftags&post=4679"}],"curies":[{"name":"wp","href":"https:\/\/api.w.org\/{rel}","templated":true}]}}