{"id":4666,"date":"2014-08-11T13:19:43","date_gmt":"2014-08-11T18:19:43","guid":{"rendered":"http:\/\/damas.laiglesiadelacomunidad.com\/?p=4666"},"modified":"2014-08-11T21:24:17","modified_gmt":"2014-08-12T02:24:17","slug":"reunion-10-de-agosto-2014","status":"publish","type":"post","link":"http:\/\/damas.laiglesiadelacomunidad.com\/?p=4666","title":{"rendered":"Reuni\u00f3n 10 de Agosto 2014"},"content":{"rendered":"<p>Gracias a Dios por la linda reuni\u00f3n de anoche, WOW cuanta gente, gracias a todos los que colaboran cada domingo para hacer estas reuniones tan especiales, que bueno estar de regreso, \u00a1extra\u00f1aba a mi familia!<\/p>\n<p>Y hablando de familia, el mensaje de ayer se trato de eso el tema fue <strong>&#8220;Libres para rescatarnos mutuamente&#8221;\u00a0<\/strong>y la idea grande fue: <strong>&#8220;En Cristo, somos libres para rescatarnos y restaurarnos&#8221;\u00a0<\/strong>Algo que para nosotros es muy d\u00edficil hacer es confrontar a nuestros hermanos con el pecado, algunas veces es por que pensamos que somos imperfectos y que tenemos muchos pecados para confrontar a alguien, otras veces es porque no nos importa la vida espiritual de nuestros hermanos, o por temor a la reacci\u00f3n de la persona que vamos a confrontar y para mi \u00a0lo que m\u00e1s temo es perder mi amistad con la persona que voy a confrontar y desgraciadamente eso me ha sucedido con cada persona que no acepta su pecado \ud83d\ude41 la amistad cambia y ya no es lo mismo, a veces optan por dejar la comunidad, pero queramos o no por vivir en comunidad tenemos que confrontar con amor y aceptar la confrontaci\u00f3n y la exortaci\u00f3n a dejar de pecar, y recordar que aceptar la confrontaci\u00f3n y cambiar nos acerca m\u00e1s a Dios, y lo mismo si confrontamos a alguien y cambia Dios lo librar\u00e1 de algo horrible.<\/p>\n<p class=\"chapter-1\" style=\"color: #000000;\"><strong><span id=\"es-RVC-29191\" class=\"text Gal-6-1\">Hermanos, si alguno es sorprendido en alguna falta, ustedes, que son espirituales, rest\u00e1urenlo con esp\u00edritu de mansedumbre. Piensa en ti mismo, no sea que tambi\u00e9n t\u00fa seas tentado.<\/span>\u00a0<span id=\"es-RVC-29192\" class=\"text Gal-6-2\">Sobrelleven los unos las cargas de los otros, y cumplan as\u00ed la ley de Cristo.<\/span>\u00a0<span id=\"es-RVC-29193\" class=\"text Gal-6-3\">Porque el que se cree ser algo, y no es nada, a s\u00ed mismo se enga\u00f1a.<\/span>\u00a0<span id=\"es-RVC-29194\" class=\"text Gal-6-4\">As\u00ed que, cada uno ponga a prueba su propia obra, y entonces tendr\u00e1 motivo de jactarse, pero s\u00f3lo respecto de s\u00ed mismo y no por otro;<\/span>\u00a0<span id=\"es-RVC-29195\" class=\"text Gal-6-5\">porque cada uno llevar\u00e1 su propia carga.<\/span>El que recibe ense\u00f1anza en la palabra, haga part\u00edcipe de toda cosa buena al que lo ense\u00f1a<\/strong>. G\u00e1latas 6:1-6<\/p>\n<p class=\"chapter-1\" style=\"color: #000000;\"><span id=\"es-RVC-30375\" class=\"text Jas-5-19\"><span class=\"versenum\" style=\"font-weight: bold;\">\u00a0<\/span><strong>Hermanos, si alguno de ustedes se ha apartado de la verdad, y otro lo hace volver a ella,<\/strong><\/span><strong>\u00a0<\/strong><span id=\"es-RVC-30376\" class=\"text Jas-5-20\"><strong>sepan que el que haga volver al pecador de su mal camino, lo salvar\u00e1 de la muerte y cubrir\u00e1 una gran cantidad de pecados.<\/strong> Santiago 5:19-20<\/span><\/p>\n<p class=\"chapter-1\" style=\"color: #000000;\">Se\u00f1or te pedimos que nos des el valor y la humildad de confrontar a nuestros hermanos y que nos des un coraz\u00f3n dispuesto a aceptar nuestras faltas y dejar nuestro pecado para que no sigamos desobendeciendote persistentemente y podamos acercarnos m\u00e1s a ti. Am\u00e9n.<\/p>\n<p class=\"chapter-1\" style=\"color: #000000;\">Por favor les pido que sigan orando por mi hermana, ella sigue muy delicada de salud y sigue en cuidados intensivos.<\/p>\n<p class=\"chapter-1\" style=\"color: #000000;\">Que pasen una linda semana, las quiero mucho;<\/p>\n<p class=\"chapter-1\" style=\"color: #000000;\">Jackie C.<\/p>\n<p><a href=\"http:\/\/damas.laiglesiadelacomunidad.com\/wp-content\/uploads\/2014\/08\/IMG_9982.jpg\"><img decoding=\"async\" class=\"alignnone size-full\" src=\"http:\/\/damas.laiglesiadelacomunidad.com\/wp-content\/uploads\/2014\/08\/IMG_9982.jpg\" alt=\"IMG_9982.JPG\" \/><\/a><\/p>\n<p><a href=\"http:\/\/damas.laiglesiadelacomunidad.com\/wp-content\/uploads\/2014\/08\/IMG_9988.jpg\"><img decoding=\"async\" class=\"alignnone size-full\" src=\"http:\/\/damas.laiglesiadelacomunidad.com\/wp-content\/uploads\/2014\/08\/IMG_9988.jpg\" alt=\"IMG_9988.JPG\" \/><\/a><\/p>\n<p><a href=\"http:\/\/damas.laiglesiadelacomunidad.com\/wp-content\/uploads\/2014\/08\/IMG_9989.jpg\"><img decoding=\"async\" class=\"alignnone size-full\" src=\"http:\/\/damas.laiglesiadelacomunidad.com\/wp-content\/uploads\/2014\/08\/IMG_9989.jpg\" alt=\"IMG_9989.JPG\" \/><\/a><\/p>\n<p><a href=\"http:\/\/damas.laiglesiadelacomunidad.com\/wp-content\/uploads\/2014\/08\/IMG_9984.jpg\"><img decoding=\"async\" class=\"alignnone size-full\" src=\"http:\/\/damas.laiglesiadelacomunidad.com\/wp-content\/uploads\/2014\/08\/IMG_9984.jpg\" alt=\"IMG_9984.JPG\" \/><\/a><\/p>\n<p><a href=\"http:\/\/damas.laiglesiadelacomunidad.com\/wp-content\/uploads\/2014\/08\/IMG_9987.jpg\"><img decoding=\"async\" class=\"alignnone size-full\" src=\"http:\/\/damas.laiglesiadelacomunidad.com\/wp-content\/uploads\/2014\/08\/IMG_9987.jpg\" alt=\"IMG_9987.JPG\" \/><\/a><\/p>\n<p><a href=\"http:\/\/damas.laiglesiadelacomunidad.com\/wp-content\/uploads\/2014\/08\/IMG_9995.jpg\"><img decoding=\"async\" class=\"alignnone size-full\" src=\"http:\/\/damas.laiglesiadelacomunidad.com\/wp-content\/uploads\/2014\/08\/IMG_9995.jpg\" alt=\"IMG_9995.JPG\" \/><\/a><\/p>\n<p><a href=\"http:\/\/damas.laiglesiadelacomunidad.com\/wp-content\/uploads\/2014\/08\/IMG_9994.jpg\"><img decoding=\"async\" class=\"alignnone size-full\" src=\"http:\/\/damas.laiglesiadelacomunidad.com\/wp-content\/uploads\/2014\/08\/IMG_9994.jpg\" alt=\"IMG_9994.JPG\" \/><\/a><\/p>\n","protected":false},"excerpt":{"rendered":"<p>Gracias a Dios por la linda reuni\u00f3n de anoche, WOW cuanta gente, gracias a todos los que colaboran cada domingo para hacer estas reuniones tan especiales, que bueno estar de regreso, \u00a1extra\u00f1aba a mi familia! Y hablando de familia, el mensaje de ayer se trato de eso el tema fue &#8220;Libres para rescatarnos mutuamente&#8221;\u00a0y la &hellip; <a href=\"http:\/\/damas.laiglesiadelacomunidad.com\/?p=4666\" class=\"more-link\">Continue reading <span class=\"screen-reader-text\">Reuni\u00f3n 10 de Agosto 2014<\/span> <span class=\"meta-nav\">&rarr;<\/span><\/a><\/p>\n","protected":false},"author":2,"featured_media":0,"comment_status":"open","ping_status":"open","sticky":false,"template":"","format":"aside","meta":{"footnotes":""},"categories":[7],"tags":[],"_links":{"self":[{"href":"http:\/\/damas.laiglesiadelacomunidad.com\/index.php?rest_route=\/wp\/v2\/posts\/4666"}],"collection":[{"href":"http:\/\/damas.laiglesiadelacomunidad.com\/index.php?rest_route=\/wp\/v2\/posts"}],"about":[{"href":"http:\/\/damas.laiglesiadelacomunidad.com\/index.php?rest_route=\/wp\/v2\/types\/post"}],"author":[{"embeddable":true,"href":"http:\/\/damas.laiglesiadelacomunidad.com\/index.php?rest_route=\/wp\/v2\/users\/2"}],"replies":[{"embeddable":true,"href":"http:\/\/damas.laiglesiadelacomunidad.com\/index.php?rest_route=%2Fwp%2Fv2%2Fcomments&post=4666"}],"version-history":[{"count":5,"href":"http:\/\/damas.laiglesiadelacomunidad.com\/index.php?rest_route=\/wp\/v2\/posts\/4666\/revisions"}],"predecessor-version":[{"id":4678,"href":"http:\/\/damas.laiglesiadelacomunidad.com\/index.php?rest_route=\/wp\/v2\/posts\/4666\/revisions\/4678"}],"wp:attachment":[{"href":"http:\/\/damas.laiglesiadelacomunidad.com\/index.php?rest_route=%2Fwp%2Fv2%2Fmedia&parent=4666"}],"wp:term":[{"taxonomy":"category","embeddable":true,"href":"http:\/\/damas.laiglesiadelacomunidad.com\/index.php?rest_route=%2Fwp%2Fv2%2Fcategories&post=4666"},{"taxonomy":"post_tag","embeddable":true,"href":"http:\/\/damas.laiglesiadelacomunidad.com\/index.php?rest_route=%2Fwp%2Fv2%2Ftags&post=4666"}],"curies":[{"name":"wp","href":"https:\/\/api.w.org\/{rel}","templated":true}]}}