{"id":4658,"date":"2014-08-10T11:23:54","date_gmt":"2014-08-10T16:23:54","guid":{"rendered":"http:\/\/damas.laiglesiadelacomunidad.com\/?p=4658"},"modified":"2014-08-10T11:36:35","modified_gmt":"2014-08-10T16:36:35","slug":"gracias-2","status":"publish","type":"post","link":"http:\/\/damas.laiglesiadelacomunidad.com\/?p=4658","title":{"rendered":"Gracias"},"content":{"rendered":"<p>A todas muchisimas gracias, mi familia esta muy agradecida con esta comunidad por el apoyo primero espiritual que nos han demostrado, gracias por todos sus ayunos y oraciones, no saben como Dios ha obrado, ahora los mi\u00e9rcoles es el d\u00eda de ayuno y oraci\u00f3n para mi familia tambi\u00e9n. Hemos estado en un sube y baja con esta enfermedad de Rosita, pero sus oraciones nos han mantenido firmes y sin desmayar.Y tambi\u00e9n gracias por su apoyo econ\u00f3mico, les voy a decir un secreto, es la primera vez que mi familia recibe ayuda econ\u00f3mica y mis hermanas quedaron con sus ojos llenos de lagrimas y se los agradecen desde el fondo de su coraz\u00f3n, que gran bendici\u00f3n es ser parte de una comunidad que se preocupa por los dem\u00e1s, que buen ejemplo de amor. Por favor sigan orando por mi hermanita todavia sigue delicadita y en cuidados intensivos, pero confiamos en Dios que pronto saldr\u00e1 de all\u00ed, Las quiero mucho.<\/p>\n<p>Jackie C.<\/p>\n<p><a href=\"http:\/\/damas.laiglesiadelacomunidad.com\/wp-content\/uploads\/2014\/08\/IMG_9977.jpg\"><img decoding=\"async\" src=\"http:\/\/damas.laiglesiadelacomunidad.com\/wp-content\/uploads\/2014\/08\/IMG_9977.jpg\" alt=\"IMG_9977.JPG\" class=\"alignnone size-full\" \/><\/a><\/p>\n","protected":false},"excerpt":{"rendered":"<p>A todas muchisimas gracias, mi familia esta muy agradecida con esta comunidad por el apoyo primero espiritual que nos han demostrado, gracias por todos sus ayunos y oraciones, no saben como Dios ha obrado, ahora los mi\u00e9rcoles es el d\u00eda de ayuno y oraci\u00f3n para mi familia tambi\u00e9n. Hemos estado en un sube y baja &hellip; <a href=\"http:\/\/damas.laiglesiadelacomunidad.com\/?p=4658\" class=\"more-link\">Continue reading <span class=\"screen-reader-text\">Gracias<\/span> <span class=\"meta-nav\">&rarr;<\/span><\/a><\/p>\n","protected":false},"author":2,"featured_media":0,"comment_status":"open","ping_status":"open","sticky":false,"template":"","format":"standard","meta":{"footnotes":""},"categories":[1],"tags":[],"_links":{"self":[{"href":"http:\/\/damas.laiglesiadelacomunidad.com\/index.php?rest_route=\/wp\/v2\/posts\/4658"}],"collection":[{"href":"http:\/\/damas.laiglesiadelacomunidad.com\/index.php?rest_route=\/wp\/v2\/posts"}],"about":[{"href":"http:\/\/damas.laiglesiadelacomunidad.com\/index.php?rest_route=\/wp\/v2\/types\/post"}],"author":[{"embeddable":true,"href":"http:\/\/damas.laiglesiadelacomunidad.com\/index.php?rest_route=\/wp\/v2\/users\/2"}],"replies":[{"embeddable":true,"href":"http:\/\/damas.laiglesiadelacomunidad.com\/index.php?rest_route=%2Fwp%2Fv2%2Fcomments&post=4658"}],"version-history":[{"count":6,"href":"http:\/\/damas.laiglesiadelacomunidad.com\/index.php?rest_route=\/wp\/v2\/posts\/4658\/revisions"}],"predecessor-version":[{"id":4665,"href":"http:\/\/damas.laiglesiadelacomunidad.com\/index.php?rest_route=\/wp\/v2\/posts\/4658\/revisions\/4665"}],"wp:attachment":[{"href":"http:\/\/damas.laiglesiadelacomunidad.com\/index.php?rest_route=%2Fwp%2Fv2%2Fmedia&parent=4658"}],"wp:term":[{"taxonomy":"category","embeddable":true,"href":"http:\/\/damas.laiglesiadelacomunidad.com\/index.php?rest_route=%2Fwp%2Fv2%2Fcategories&post=4658"},{"taxonomy":"post_tag","embeddable":true,"href":"http:\/\/damas.laiglesiadelacomunidad.com\/index.php?rest_route=%2Fwp%2Fv2%2Ftags&post=4658"}],"curies":[{"name":"wp","href":"https:\/\/api.w.org\/{rel}","templated":true}]}}