{"id":4649,"date":"2014-08-08T07:52:54","date_gmt":"2014-08-08T12:52:54","guid":{"rendered":"http:\/\/damas.laiglesiadelacomunidad.com\/?p=4649"},"modified":"2014-08-08T07:52:55","modified_gmt":"2014-08-08T12:52:55","slug":"versiculos-para-meditar-30","status":"publish","type":"post","link":"http:\/\/damas.laiglesiadelacomunidad.com\/?p=4649","title":{"rendered":"Vers\u00edculos para Meditar"},"content":{"rendered":"<p>Al contrario, honren en su coraz\u00f3n a Cristo, como Se\u00f1or, y mant\u00e9nganse siempre listos para defenderse, con mansedumbre y respeto, ante aquellos que les pidan explicarles la esperanza que hay en ustedes. (\u202d1 Pedro\u202c \u202d3\u202c:\u202d15\u202c RVC)<\/p>\n","protected":false},"excerpt":{"rendered":"<p>Al contrario, honren en su coraz\u00f3n a Cristo, como Se\u00f1or, y mant\u00e9nganse siempre listos para defenderse, con mansedumbre y respeto, ante aquellos que les pidan explicarles la esperanza que hay en ustedes. (\u202d1 Pedro\u202c \u202d3\u202c:\u202d15\u202c RVC)<\/p>\n","protected":false},"author":2,"featured_media":0,"comment_status":"open","ping_status":"open","sticky":false,"template":"","format":"gallery","meta":{"footnotes":""},"categories":[5],"tags":[],"_links":{"self":[{"href":"http:\/\/damas.laiglesiadelacomunidad.com\/index.php?rest_route=\/wp\/v2\/posts\/4649"}],"collection":[{"href":"http:\/\/damas.laiglesiadelacomunidad.com\/index.php?rest_route=\/wp\/v2\/posts"}],"about":[{"href":"http:\/\/damas.laiglesiadelacomunidad.com\/index.php?rest_route=\/wp\/v2\/types\/post"}],"author":[{"embeddable":true,"href":"http:\/\/damas.laiglesiadelacomunidad.com\/index.php?rest_route=\/wp\/v2\/users\/2"}],"replies":[{"embeddable":true,"href":"http:\/\/damas.laiglesiadelacomunidad.com\/index.php?rest_route=%2Fwp%2Fv2%2Fcomments&post=4649"}],"version-history":[{"count":1,"href":"http:\/\/damas.laiglesiadelacomunidad.com\/index.php?rest_route=\/wp\/v2\/posts\/4649\/revisions"}],"predecessor-version":[{"id":4650,"href":"http:\/\/damas.laiglesiadelacomunidad.com\/index.php?rest_route=\/wp\/v2\/posts\/4649\/revisions\/4650"}],"wp:attachment":[{"href":"http:\/\/damas.laiglesiadelacomunidad.com\/index.php?rest_route=%2Fwp%2Fv2%2Fmedia&parent=4649"}],"wp:term":[{"taxonomy":"category","embeddable":true,"href":"http:\/\/damas.laiglesiadelacomunidad.com\/index.php?rest_route=%2Fwp%2Fv2%2Fcategories&post=4649"},{"taxonomy":"post_tag","embeddable":true,"href":"http:\/\/damas.laiglesiadelacomunidad.com\/index.php?rest_route=%2Fwp%2Fv2%2Ftags&post=4649"}],"curies":[{"name":"wp","href":"https:\/\/api.w.org\/{rel}","templated":true}]}}