{"id":4618,"date":"2014-08-05T21:31:27","date_gmt":"2014-08-06T02:31:27","guid":{"rendered":"http:\/\/damas.laiglesiadelacomunidad.com\/?p=4618"},"modified":"2014-08-05T21:31:27","modified_gmt":"2014-08-06T02:31:27","slug":"versiculos-para-meditar-29","status":"publish","type":"post","link":"http:\/\/damas.laiglesiadelacomunidad.com\/?p=4618","title":{"rendered":"Vers\u00edculos para Meditar"},"content":{"rendered":"<p>Por tanto, imiten a Dios, como hijos amados. Vivan en amor, como tambi\u00e9n Cristo nos am\u00f3 y se entreg\u00f3 a s\u00ed mismo por nosotros, como ofrenda y sacrificio a Dios, de aroma fragante. (\u202dEfesios\u202c \u202d5\u202c:\u202d1-2\u202c RVC)<\/p>\n","protected":false},"excerpt":{"rendered":"<p>Por tanto, imiten a Dios, como hijos amados. Vivan en amor, como tambi\u00e9n Cristo nos am\u00f3 y se entreg\u00f3 a s\u00ed mismo por nosotros, como ofrenda y sacrificio a Dios, de aroma fragante. (\u202dEfesios\u202c \u202d5\u202c:\u202d1-2\u202c RVC)<\/p>\n","protected":false},"author":2,"featured_media":0,"comment_status":"open","ping_status":"open","sticky":false,"template":"","format":"gallery","meta":{"footnotes":""},"categories":[5],"tags":[],"_links":{"self":[{"href":"http:\/\/damas.laiglesiadelacomunidad.com\/index.php?rest_route=\/wp\/v2\/posts\/4618"}],"collection":[{"href":"http:\/\/damas.laiglesiadelacomunidad.com\/index.php?rest_route=\/wp\/v2\/posts"}],"about":[{"href":"http:\/\/damas.laiglesiadelacomunidad.com\/index.php?rest_route=\/wp\/v2\/types\/post"}],"author":[{"embeddable":true,"href":"http:\/\/damas.laiglesiadelacomunidad.com\/index.php?rest_route=\/wp\/v2\/users\/2"}],"replies":[{"embeddable":true,"href":"http:\/\/damas.laiglesiadelacomunidad.com\/index.php?rest_route=%2Fwp%2Fv2%2Fcomments&post=4618"}],"version-history":[{"count":1,"href":"http:\/\/damas.laiglesiadelacomunidad.com\/index.php?rest_route=\/wp\/v2\/posts\/4618\/revisions"}],"predecessor-version":[{"id":4619,"href":"http:\/\/damas.laiglesiadelacomunidad.com\/index.php?rest_route=\/wp\/v2\/posts\/4618\/revisions\/4619"}],"wp:attachment":[{"href":"http:\/\/damas.laiglesiadelacomunidad.com\/index.php?rest_route=%2Fwp%2Fv2%2Fmedia&parent=4618"}],"wp:term":[{"taxonomy":"category","embeddable":true,"href":"http:\/\/damas.laiglesiadelacomunidad.com\/index.php?rest_route=%2Fwp%2Fv2%2Fcategories&post=4618"},{"taxonomy":"post_tag","embeddable":true,"href":"http:\/\/damas.laiglesiadelacomunidad.com\/index.php?rest_route=%2Fwp%2Fv2%2Ftags&post=4618"}],"curies":[{"name":"wp","href":"https:\/\/api.w.org\/{rel}","templated":true}]}}