{"id":4616,"date":"2014-08-05T00:45:01","date_gmt":"2014-08-05T05:45:01","guid":{"rendered":"http:\/\/damas.laiglesiadelacomunidad.com\/?p=4616"},"modified":"2014-08-04T16:47:11","modified_gmt":"2014-08-04T21:47:11","slug":"versiculo-para-meditar-93","status":"publish","type":"post","link":"http:\/\/damas.laiglesiadelacomunidad.com\/?p=4616","title":{"rendered":"Vers\u00edculo para Meditar"},"content":{"rendered":"<p>Lo que s\u00ed deben hacer es hablar siempre a su pr\u00f3jimo con la verdad, y juzgar en sus tribunales siempre con apego a la verdad y a lo conducente a la paz. Nadie debe pensar en hacerle da\u00f1o a su pr\u00f3jimo, ni deleitarse en hacer juramentos falsos, porque nada de esto lo soporto.\u00bb \u2014Palabra del Se\u00f1or. (\u202dZacar\u00edas\u202c \u202d8\u202c:\u202d16-17\u202c RVC)<\/p>\n","protected":false},"excerpt":{"rendered":"<p>Lo que s\u00ed deben hacer es hablar siempre a su pr\u00f3jimo con la verdad, y juzgar en sus tribunales siempre con apego a la verdad y a lo conducente a la paz. Nadie debe pensar en hacerle da\u00f1o a su pr\u00f3jimo, ni deleitarse en hacer juramentos falsos, porque nada de esto lo soporto.\u00bb \u2014Palabra del &hellip; <a href=\"http:\/\/damas.laiglesiadelacomunidad.com\/?p=4616\" class=\"more-link\">Continue reading <span class=\"screen-reader-text\">Vers\u00edculo para Meditar<\/span> <span class=\"meta-nav\">&rarr;<\/span><\/a><\/p>\n","protected":false},"author":2,"featured_media":0,"comment_status":"open","ping_status":"open","sticky":false,"template":"","format":"standard","meta":{"footnotes":""},"categories":[5],"tags":[],"_links":{"self":[{"href":"http:\/\/damas.laiglesiadelacomunidad.com\/index.php?rest_route=\/wp\/v2\/posts\/4616"}],"collection":[{"href":"http:\/\/damas.laiglesiadelacomunidad.com\/index.php?rest_route=\/wp\/v2\/posts"}],"about":[{"href":"http:\/\/damas.laiglesiadelacomunidad.com\/index.php?rest_route=\/wp\/v2\/types\/post"}],"author":[{"embeddable":true,"href":"http:\/\/damas.laiglesiadelacomunidad.com\/index.php?rest_route=\/wp\/v2\/users\/2"}],"replies":[{"embeddable":true,"href":"http:\/\/damas.laiglesiadelacomunidad.com\/index.php?rest_route=%2Fwp%2Fv2%2Fcomments&post=4616"}],"version-history":[{"count":1,"href":"http:\/\/damas.laiglesiadelacomunidad.com\/index.php?rest_route=\/wp\/v2\/posts\/4616\/revisions"}],"predecessor-version":[{"id":4617,"href":"http:\/\/damas.laiglesiadelacomunidad.com\/index.php?rest_route=\/wp\/v2\/posts\/4616\/revisions\/4617"}],"wp:attachment":[{"href":"http:\/\/damas.laiglesiadelacomunidad.com\/index.php?rest_route=%2Fwp%2Fv2%2Fmedia&parent=4616"}],"wp:term":[{"taxonomy":"category","embeddable":true,"href":"http:\/\/damas.laiglesiadelacomunidad.com\/index.php?rest_route=%2Fwp%2Fv2%2Fcategories&post=4616"},{"taxonomy":"post_tag","embeddable":true,"href":"http:\/\/damas.laiglesiadelacomunidad.com\/index.php?rest_route=%2Fwp%2Fv2%2Ftags&post=4616"}],"curies":[{"name":"wp","href":"https:\/\/api.w.org\/{rel}","templated":true}]}}