{"id":4614,"date":"2014-08-04T16:12:39","date_gmt":"2014-08-04T21:12:39","guid":{"rendered":"http:\/\/damas.laiglesiadelacomunidad.com\/?p=4614"},"modified":"2014-08-04T16:12:39","modified_gmt":"2014-08-04T21:12:39","slug":"versiculo-para-meditar-92","status":"publish","type":"post","link":"http:\/\/damas.laiglesiadelacomunidad.com\/?p=4614","title":{"rendered":"Vers\u00edculo para Meditar"},"content":{"rendered":"<p>Amados, si Dios nos ha amado as\u00ed, nosotros tambi\u00e9n debemos amarnos unos a otros. Nadie ha visto jam\u00e1s a Dios. Si nos amamos unos a otros, Dios permanece en nosotros, y su amor se perfecciona en nosotros. (\u202d1 Juan\u202c \u202d4\u202c:\u202d11-12\u202c RVC)<\/p>\n","protected":false},"excerpt":{"rendered":"<p>Amados, si Dios nos ha amado as\u00ed, nosotros tambi\u00e9n debemos amarnos unos a otros. Nadie ha visto jam\u00e1s a Dios. Si nos amamos unos a otros, Dios permanece en nosotros, y su amor se perfecciona en nosotros. (\u202d1 Juan\u202c \u202d4\u202c:\u202d11-12\u202c RVC)<\/p>\n","protected":false},"author":2,"featured_media":0,"comment_status":"open","ping_status":"open","sticky":false,"template":"","format":"chat","meta":{"footnotes":""},"categories":[5],"tags":[],"_links":{"self":[{"href":"http:\/\/damas.laiglesiadelacomunidad.com\/index.php?rest_route=\/wp\/v2\/posts\/4614"}],"collection":[{"href":"http:\/\/damas.laiglesiadelacomunidad.com\/index.php?rest_route=\/wp\/v2\/posts"}],"about":[{"href":"http:\/\/damas.laiglesiadelacomunidad.com\/index.php?rest_route=\/wp\/v2\/types\/post"}],"author":[{"embeddable":true,"href":"http:\/\/damas.laiglesiadelacomunidad.com\/index.php?rest_route=\/wp\/v2\/users\/2"}],"replies":[{"embeddable":true,"href":"http:\/\/damas.laiglesiadelacomunidad.com\/index.php?rest_route=%2Fwp%2Fv2%2Fcomments&post=4614"}],"version-history":[{"count":1,"href":"http:\/\/damas.laiglesiadelacomunidad.com\/index.php?rest_route=\/wp\/v2\/posts\/4614\/revisions"}],"predecessor-version":[{"id":4615,"href":"http:\/\/damas.laiglesiadelacomunidad.com\/index.php?rest_route=\/wp\/v2\/posts\/4614\/revisions\/4615"}],"wp:attachment":[{"href":"http:\/\/damas.laiglesiadelacomunidad.com\/index.php?rest_route=%2Fwp%2Fv2%2Fmedia&parent=4614"}],"wp:term":[{"taxonomy":"category","embeddable":true,"href":"http:\/\/damas.laiglesiadelacomunidad.com\/index.php?rest_route=%2Fwp%2Fv2%2Fcategories&post=4614"},{"taxonomy":"post_tag","embeddable":true,"href":"http:\/\/damas.laiglesiadelacomunidad.com\/index.php?rest_route=%2Fwp%2Fv2%2Ftags&post=4614"}],"curies":[{"name":"wp","href":"https:\/\/api.w.org\/{rel}","templated":true}]}}