{"id":4612,"date":"2014-08-04T00:03:43","date_gmt":"2014-08-04T05:03:43","guid":{"rendered":"http:\/\/damas.laiglesiadelacomunidad.com\/?p=4612"},"modified":"2014-08-04T00:03:43","modified_gmt":"2014-08-04T05:03:43","slug":"reunion-del-domingo-08032014","status":"publish","type":"post","link":"http:\/\/damas.laiglesiadelacomunidad.com\/?p=4612","title":{"rendered":"Reuni\u00f3n del Domingo 08\/03\/2014"},"content":{"rendered":"<p>Gracias Dios por permitirnos reunir una ves mas y aprender de t\u00ed, gracias a todos por su ayuda, la alabanza y el mensaje muy lindo.<br \/>\nEl tema fue duro &#8220;EL ORGULLO&#8221; \ud83d\ude15 Vimos que pide Dios de sus hijos \ud83d\ude42<br \/>\n&#8220;Somos libres para ser transformados por su Esp\u00edritu&#8221; <\/p>\n<p>Solo tomo un s\u00f3lo verso&nbsp; la noche G\u00e1latas 5:26 pero nos ayud\u00f3 de mucho&#8230;. lo tenemos que tomar en cuando comenzemos a ponernos orgullosos por los cambios que Dios hace en nuestras vidas y pretender que somos m\u00e1s que los demas por esos cambios. Cuando eso venga a nuestra mente recordar que los cambios que hoy experimentamos vienen de Dios NO de nosotros, por lo tanto NO vale la pena sentir orgullo por esos cambios que EL esta haciendo en nuestras vidas.<br \/>\n\u00bfComo lo logramos?<br \/>\nOBEDIENCIENDO HUMILDEMENTE<br \/>\n\u00bfDonde nos los muestra Dios?<br \/>\nG\u00e1latas 5:26<br \/>\nNo dejemos que la vanidad nos llece a irritarnos y a envidiarnos unos con otros.<\/p>\n<p>Fel\u00edz inicio de semana! Extra\u00f1amos mucho a los que no estubieron presentes&nbsp; hoy pero permanecen presente en nuestra mente y esp\u00edritu.<\/p>\n<p><a href=\"http:\/\/damas.laiglesiadelacomunidad.com\/wp-content\/uploads\/2014\/08\/wpid-20140803_190618.jpg\"><img decoding=\"async\" title=\"20140803_190618.jpg\" class=\"alignnone size-full\" alt=\"image\" src=\"http:\/\/damas.laiglesiadelacomunidad.com\/wp-content\/uploads\/2014\/08\/wpid-20140803_190618.jpg\" \/><\/a><\/p>\n<p><a href=\"http:\/\/damas.laiglesiadelacomunidad.com\/wp-content\/uploads\/2014\/08\/wpid-20140803_192505-1.jpg\"><img decoding=\"async\" title=\"20140803_192505-1.jpg\" class=\"alignnone size-full\" alt=\"image\" src=\"http:\/\/damas.laiglesiadelacomunidad.com\/wp-content\/uploads\/2014\/08\/wpid-20140803_192505-1.jpg\" \/><\/a><\/p>\n<p><a href=\"http:\/\/damas.laiglesiadelacomunidad.com\/wp-content\/uploads\/2014\/08\/wpid-20140803_195421-1.jpg\"><img decoding=\"async\" title=\"20140803_195421-1.jpg\" class=\"alignnone size-full\" alt=\"image\" src=\"http:\/\/damas.laiglesiadelacomunidad.com\/wp-content\/uploads\/2014\/08\/wpid-20140803_195421-1.jpg\" \/><\/a><\/p>\n<p><a href=\"http:\/\/damas.laiglesiadelacomunidad.com\/wp-content\/uploads\/2014\/08\/wpid-20140803_200442.jpg\"><img decoding=\"async\" title=\"20140803_200442.jpg\" class=\"alignnone size-full\" alt=\"image\" src=\"http:\/\/damas.laiglesiadelacomunidad.com\/wp-content\/uploads\/2014\/08\/wpid-20140803_200442.jpg\" \/><\/a><\/p>\n<p><a href=\"http:\/\/damas.laiglesiadelacomunidad.com\/wp-content\/uploads\/2014\/08\/wpid-20140803_195403.jpg\"><img decoding=\"async\" title=\"20140803_195403.jpg\" class=\"alignnone size-full\" alt=\"image\" src=\"http:\/\/damas.laiglesiadelacomunidad.com\/wp-content\/uploads\/2014\/08\/wpid-20140803_195403.jpg\" \/><\/a><\/p>\n<p><a href=\"http:\/\/damas.laiglesiadelacomunidad.com\/wp-content\/uploads\/2014\/08\/wpid-20140803_200553.jpg\"><img decoding=\"async\" title=\"20140803_200553.jpg\" class=\"alignnone size-full\" alt=\"image\" src=\"http:\/\/damas.laiglesiadelacomunidad.com\/wp-content\/uploads\/2014\/08\/wpid-20140803_200553.jpg\" \/><\/a><\/p>\n<p><a href=\"http:\/\/damas.laiglesiadelacomunidad.com\/wp-content\/uploads\/2014\/08\/wpid-20140803_204016.jpg\"><img decoding=\"async\" title=\"20140803_204016.jpg\" class=\"alignnone size-full\" alt=\"image\" src=\"http:\/\/damas.laiglesiadelacomunidad.com\/wp-content\/uploads\/2014\/08\/wpid-20140803_204016.jpg\" \/><\/a><\/p>\n","protected":false},"excerpt":{"rendered":"<p>Gracias Dios por permitirnos reunir una ves mas y aprender de t\u00ed, gracias a todos por su ayuda, la alabanza y el mensaje muy lindo. El tema fue duro &#8220;EL ORGULLO&#8221; \ud83d\ude15 Vimos que pide Dios de sus hijos \ud83d\ude42 &#8220;Somos libres para ser transformados por su Esp\u00edritu&#8221; Solo tomo un s\u00f3lo verso&nbsp; la noche &hellip; <a href=\"http:\/\/damas.laiglesiadelacomunidad.com\/?p=4612\" class=\"more-link\">Continue reading <span class=\"screen-reader-text\">Reuni\u00f3n del Domingo 08\/03\/2014<\/span> <span class=\"meta-nav\">&rarr;<\/span><\/a><\/p>\n","protected":false},"author":3,"featured_media":0,"comment_status":"open","ping_status":"open","sticky":false,"template":"","format":"standard","meta":{"footnotes":""},"categories":[1],"tags":[],"_links":{"self":[{"href":"http:\/\/damas.laiglesiadelacomunidad.com\/index.php?rest_route=\/wp\/v2\/posts\/4612"}],"collection":[{"href":"http:\/\/damas.laiglesiadelacomunidad.com\/index.php?rest_route=\/wp\/v2\/posts"}],"about":[{"href":"http:\/\/damas.laiglesiadelacomunidad.com\/index.php?rest_route=\/wp\/v2\/types\/post"}],"author":[{"embeddable":true,"href":"http:\/\/damas.laiglesiadelacomunidad.com\/index.php?rest_route=\/wp\/v2\/users\/3"}],"replies":[{"embeddable":true,"href":"http:\/\/damas.laiglesiadelacomunidad.com\/index.php?rest_route=%2Fwp%2Fv2%2Fcomments&post=4612"}],"version-history":[{"count":1,"href":"http:\/\/damas.laiglesiadelacomunidad.com\/index.php?rest_route=\/wp\/v2\/posts\/4612\/revisions"}],"predecessor-version":[{"id":4613,"href":"http:\/\/damas.laiglesiadelacomunidad.com\/index.php?rest_route=\/wp\/v2\/posts\/4612\/revisions\/4613"}],"wp:attachment":[{"href":"http:\/\/damas.laiglesiadelacomunidad.com\/index.php?rest_route=%2Fwp%2Fv2%2Fmedia&parent=4612"}],"wp:term":[{"taxonomy":"category","embeddable":true,"href":"http:\/\/damas.laiglesiadelacomunidad.com\/index.php?rest_route=%2Fwp%2Fv2%2Fcategories&post=4612"},{"taxonomy":"post_tag","embeddable":true,"href":"http:\/\/damas.laiglesiadelacomunidad.com\/index.php?rest_route=%2Fwp%2Fv2%2Ftags&post=4612"}],"curies":[{"name":"wp","href":"https:\/\/api.w.org\/{rel}","templated":true}]}}