{"id":4603,"date":"2014-08-03T11:15:58","date_gmt":"2014-08-03T16:15:58","guid":{"rendered":"http:\/\/damas.laiglesiadelacomunidad.com\/?p=4603"},"modified":"2014-08-03T11:15:58","modified_gmt":"2014-08-03T16:15:58","slug":"versiculo-para-meditar-91","status":"publish","type":"post","link":"http:\/\/damas.laiglesiadelacomunidad.com\/?p=4603","title":{"rendered":"Vers\u00edculo para Meditar"},"content":{"rendered":"<p>pero el Dios de toda gracia, que en Cristo nos llam\u00f3 a su gloria eterna, los perfeccionar\u00e1, afirmar\u00e1, fortalecer\u00e1 y establecer\u00e1 despu\u00e9s de un breve sufrimiento. (\u202d1 Pedro\u202c \u202d5\u202c:\u202d10\u202c RVC)<\/p>\n","protected":false},"excerpt":{"rendered":"<p>pero el Dios de toda gracia, que en Cristo nos llam\u00f3 a su gloria eterna, los perfeccionar\u00e1, afirmar\u00e1, fortalecer\u00e1 y establecer\u00e1 despu\u00e9s de un breve sufrimiento. (\u202d1 Pedro\u202c \u202d5\u202c:\u202d10\u202c RVC)<\/p>\n","protected":false},"author":2,"featured_media":0,"comment_status":"open","ping_status":"open","sticky":false,"template":"","format":"chat","meta":{"footnotes":""},"categories":[5],"tags":[],"_links":{"self":[{"href":"http:\/\/damas.laiglesiadelacomunidad.com\/index.php?rest_route=\/wp\/v2\/posts\/4603"}],"collection":[{"href":"http:\/\/damas.laiglesiadelacomunidad.com\/index.php?rest_route=\/wp\/v2\/posts"}],"about":[{"href":"http:\/\/damas.laiglesiadelacomunidad.com\/index.php?rest_route=\/wp\/v2\/types\/post"}],"author":[{"embeddable":true,"href":"http:\/\/damas.laiglesiadelacomunidad.com\/index.php?rest_route=\/wp\/v2\/users\/2"}],"replies":[{"embeddable":true,"href":"http:\/\/damas.laiglesiadelacomunidad.com\/index.php?rest_route=%2Fwp%2Fv2%2Fcomments&post=4603"}],"version-history":[{"count":1,"href":"http:\/\/damas.laiglesiadelacomunidad.com\/index.php?rest_route=\/wp\/v2\/posts\/4603\/revisions"}],"predecessor-version":[{"id":4604,"href":"http:\/\/damas.laiglesiadelacomunidad.com\/index.php?rest_route=\/wp\/v2\/posts\/4603\/revisions\/4604"}],"wp:attachment":[{"href":"http:\/\/damas.laiglesiadelacomunidad.com\/index.php?rest_route=%2Fwp%2Fv2%2Fmedia&parent=4603"}],"wp:term":[{"taxonomy":"category","embeddable":true,"href":"http:\/\/damas.laiglesiadelacomunidad.com\/index.php?rest_route=%2Fwp%2Fv2%2Fcategories&post=4603"},{"taxonomy":"post_tag","embeddable":true,"href":"http:\/\/damas.laiglesiadelacomunidad.com\/index.php?rest_route=%2Fwp%2Fv2%2Ftags&post=4603"}],"curies":[{"name":"wp","href":"https:\/\/api.w.org\/{rel}","templated":true}]}}