{"id":4585,"date":"2014-07-31T12:47:21","date_gmt":"2014-07-31T17:47:21","guid":{"rendered":"http:\/\/damas.laiglesiadelacomunidad.com\/?p=4585"},"modified":"2014-07-31T12:47:21","modified_gmt":"2014-07-31T17:47:21","slug":"el-bautismo-de-jesus","status":"publish","type":"post","link":"http:\/\/damas.laiglesiadelacomunidad.com\/?p=4585","title":{"rendered":"El baut\u00edsmo de Jes\u00fas."},"content":{"rendered":"<p>Jes\u00fas fue bautizado en las aguas del R\u00edo Jordan&#x1f30a; y nos dejo la Biblia para ayudarnos a instruirnos y aprender como llegar a tomar ese GRAN PASO &#x1f604;<\/p>\n<p>Hechos 2:38-39<\/p>\n<p>38\u00a0Pedro les dijo: Arrepent\u00edos, y baut\u00edcese cada uno de vosotros en el nombre de Jesucristo para perd\u00f3n de los pecados; y recibir\u00e9is el don del Esp\u00edritu Santo.<\/p>\n<p>39\u00a0Porque para vosotros es la promesa, y para vuestros hijos, y para todos los que est\u00e1n lejos; para cuantos el Se\u00f1or nuestro Dios llamare. <\/p>\n<p><a href=\"http:\/\/damas.laiglesiadelacomunidad.com\/wp-content\/uploads\/2014\/07\/wpid-img_570915366167247.jpeg\"><img decoding=\"async\" title=\"IMG_570915366167247.jpeg\" class=\"alignnone size-full\" alt=\"image\" src=\"http:\/\/damas.laiglesiadelacomunidad.com\/wp-content\/uploads\/2014\/07\/wpid-img_570915366167247.jpeg\" \/><\/a><\/p>\n","protected":false},"excerpt":{"rendered":"<p>Jes\u00fas fue bautizado en las aguas del R\u00edo Jordan&#x1f30a; y nos dejo la Biblia para ayudarnos a instruirnos y aprender como llegar a tomar ese GRAN PASO &#x1f604; Hechos 2:38-39 38\u00a0Pedro les dijo: Arrepent\u00edos, y baut\u00edcese cada uno de vosotros en el nombre de Jesucristo para perd\u00f3n de los pecados; y recibir\u00e9is el don del &hellip; <a href=\"http:\/\/damas.laiglesiadelacomunidad.com\/?p=4585\" class=\"more-link\">Continue reading <span class=\"screen-reader-text\">El baut\u00edsmo de Jes\u00fas.<\/span> <span class=\"meta-nav\">&rarr;<\/span><\/a><\/p>\n","protected":false},"author":3,"featured_media":0,"comment_status":"open","ping_status":"open","sticky":false,"template":"","format":"standard","meta":{"footnotes":""},"categories":[1],"tags":[],"_links":{"self":[{"href":"http:\/\/damas.laiglesiadelacomunidad.com\/index.php?rest_route=\/wp\/v2\/posts\/4585"}],"collection":[{"href":"http:\/\/damas.laiglesiadelacomunidad.com\/index.php?rest_route=\/wp\/v2\/posts"}],"about":[{"href":"http:\/\/damas.laiglesiadelacomunidad.com\/index.php?rest_route=\/wp\/v2\/types\/post"}],"author":[{"embeddable":true,"href":"http:\/\/damas.laiglesiadelacomunidad.com\/index.php?rest_route=\/wp\/v2\/users\/3"}],"replies":[{"embeddable":true,"href":"http:\/\/damas.laiglesiadelacomunidad.com\/index.php?rest_route=%2Fwp%2Fv2%2Fcomments&post=4585"}],"version-history":[{"count":1,"href":"http:\/\/damas.laiglesiadelacomunidad.com\/index.php?rest_route=\/wp\/v2\/posts\/4585\/revisions"}],"predecessor-version":[{"id":4586,"href":"http:\/\/damas.laiglesiadelacomunidad.com\/index.php?rest_route=\/wp\/v2\/posts\/4585\/revisions\/4586"}],"wp:attachment":[{"href":"http:\/\/damas.laiglesiadelacomunidad.com\/index.php?rest_route=%2Fwp%2Fv2%2Fmedia&parent=4585"}],"wp:term":[{"taxonomy":"category","embeddable":true,"href":"http:\/\/damas.laiglesiadelacomunidad.com\/index.php?rest_route=%2Fwp%2Fv2%2Fcategories&post=4585"},{"taxonomy":"post_tag","embeddable":true,"href":"http:\/\/damas.laiglesiadelacomunidad.com\/index.php?rest_route=%2Fwp%2Fv2%2Ftags&post=4585"}],"curies":[{"name":"wp","href":"https:\/\/api.w.org\/{rel}","templated":true}]}}