{"id":4547,"date":"2014-07-27T22:50:14","date_gmt":"2014-07-28T03:50:14","guid":{"rendered":"http:\/\/damas.laiglesiadelacomunidad.com\/?p=4547"},"modified":"2014-07-27T22:50:14","modified_gmt":"2014-07-28T03:50:14","slug":"domingo-27-de-julio-2014","status":"publish","type":"post","link":"http:\/\/damas.laiglesiadelacomunidad.com\/?p=4547","title":{"rendered":"Domingo 27 de Julio 2014"},"content":{"rendered":"<p>\u00a1Gracias Dios por \u00e9ste d\u00eda! T\u00fa eres FIEL &#x1f492;<br \/>\nEl mensaje muy bueno y la adoraci\u00f3n excelente &#x1f604;&#x1f4d6;&#x1f3b6;&#x1f3b5;&#x1f3a4; Caras nuevas, risas, peticiones y agradecimientos es el ambiente que caracter\u00edsa a la Comunidad! Hoy continuamos estudianto el libro de G\u00e1latas y la idea grande fue:<br \/>\n &#8220;En Cristo somos libres&#8221;<br \/>\n&#x1f4d6;<br \/>\n&#8220;Las obras de la carne y el fruto del Esp\u00edritu&#8221;<\/p>\n<p>G\u00e1latas 5:16-26<\/p>\n<p>Digo, pues: Andad en el Esp\u00edritu, y no satisfag\u00e1is los deseos de la carne.<br \/>\n17 Porque el deseo de la carne es contra el Esp\u00edritu, y el del Esp\u00edritu es contra la carne; y \u00e9stos se oponen entre s\u00ed, para que no hag\u00e1is lo que quisiereis.<br \/>\n18 Pero si sois guiados por el Esp\u00edritu, no est\u00e1is bajo la ley.<br \/>\n19 Y manifiestas son las obras de la carne, que son: adulterio, fornicaci\u00f3n, inmundicia, lascivia,<br \/>\n20 idolatr\u00eda, hechicer\u00edas, enemistades, pleitos, celos, iras, contiendas, disensiones, herej\u00edas,<br \/>\n21 envidias, homicidios, borracheras, org\u00edas, y cosas semejantes a estas; acerca de las cuales os amonesto, como ya os lo he dicho antes, que los que practican tales cosas no heredar\u00e1n el reino de Dios.<br \/>\n22 Mas el fruto del Esp\u00edritu es amor, gozo, paz, paciencia, benignidad, bondad, fe,<br \/>\n23 mansedumbre, templanza; contra tales cosas no hay ley.<br \/>\n24 Pero los que son de Cristo han crucificado la carne con sus pasiones y deseos.<br \/>\n25 Si vivimos por el Esp\u00edritu, andemos tambi\u00e9n por el Esp\u00edritu.<br \/>\n26 No nos hagamos vanagloriosos, irrit\u00e1ndonos unos a otros, envidi\u00e1ndonos unos a otros.<\/p>\n<p>Que tengan un buen inicio de semana y a continuar orando por la Iglesia, Felipe, y cada uno de sus miembros y amistades. Que Dios nos ayude a ser guiados por s\u00fa esp\u00edritu y no por la carne.La extra\u00f1amos mucho Jackie. Dios continue usandola grandemente en Honduras.<\/p>\n<p><a href=\"http:\/\/damas.laiglesiadelacomunidad.com\/wp-content\/uploads\/2014\/07\/wpid-20140727_194459.jpg\"><img decoding=\"async\" title=\"20140727_194459.jpg\" class=\"alignnone size-full\" alt=\"image\" src=\"http:\/\/damas.laiglesiadelacomunidad.com\/wp-content\/uploads\/2014\/07\/wpid-20140727_194459.jpg\" \/><\/a><\/p>\n<p><a href=\"http:\/\/damas.laiglesiadelacomunidad.com\/wp-content\/uploads\/2014\/07\/wpid-20140727_194205-1.jpg\"><img decoding=\"async\" title=\"20140727_194205-1.jpg\" class=\"alignnone size-full\" alt=\"image\" src=\"http:\/\/damas.laiglesiadelacomunidad.com\/wp-content\/uploads\/2014\/07\/wpid-20140727_194205-1.jpg\" \/><\/a><\/p>\n<p><a href=\"http:\/\/damas.laiglesiadelacomunidad.com\/wp-content\/uploads\/2014\/07\/wpid-20140727_201250-1.jpg\"><img decoding=\"async\" title=\"20140727_201250-1.jpg\" class=\"alignnone size-full\" alt=\"image\" src=\"http:\/\/damas.laiglesiadelacomunidad.com\/wp-content\/uploads\/2014\/07\/wpid-20140727_201250-1.jpg\" \/><\/a><\/p>\n<p><a href=\"http:\/\/damas.laiglesiadelacomunidad.com\/wp-content\/uploads\/2014\/07\/wpid-20140727_201300-1.jpg\"><img decoding=\"async\" title=\"20140727_201300-1.jpg\" class=\"alignnone size-full\" alt=\"image\" src=\"http:\/\/damas.laiglesiadelacomunidad.com\/wp-content\/uploads\/2014\/07\/wpid-20140727_201300-1.jpg\" \/><\/a><\/p>\n<p><a href=\"http:\/\/damas.laiglesiadelacomunidad.com\/wp-content\/uploads\/2014\/07\/wpid-20140727_201717.jpg\"><img decoding=\"async\" title=\"20140727_201717.jpg\" class=\"alignnone size-full\" alt=\"image\" src=\"http:\/\/damas.laiglesiadelacomunidad.com\/wp-content\/uploads\/2014\/07\/wpid-20140727_201717.jpg\" \/><\/a><\/p>\n<p><a href=\"http:\/\/damas.laiglesiadelacomunidad.com\/wp-content\/uploads\/2014\/07\/wpid-20140727_203527.jpg\"><img decoding=\"async\" title=\"20140727_203527.jpg\" class=\"alignnone size-full\" alt=\"image\" src=\"http:\/\/damas.laiglesiadelacomunidad.com\/wp-content\/uploads\/2014\/07\/wpid-20140727_203527.jpg\" \/><\/a><\/p>\n","protected":false},"excerpt":{"rendered":"<p>\u00a1Gracias Dios por \u00e9ste d\u00eda! T\u00fa eres FIEL &#x1f492; El mensaje muy bueno y la adoraci\u00f3n excelente &#x1f604;&#x1f4d6;&#x1f3b6;&#x1f3b5;&#x1f3a4; Caras nuevas, risas, peticiones y agradecimientos es el ambiente que caracter\u00edsa a la Comunidad! Hoy continuamos estudianto el libro de G\u00e1latas y la idea grande fue: &#8220;En Cristo somos libres&#8221; &#x1f4d6; &#8220;Las obras de la carne y &hellip; <a href=\"http:\/\/damas.laiglesiadelacomunidad.com\/?p=4547\" class=\"more-link\">Continue reading <span class=\"screen-reader-text\">Domingo 27 de Julio 2014<\/span> <span class=\"meta-nav\">&rarr;<\/span><\/a><\/p>\n","protected":false},"author":3,"featured_media":0,"comment_status":"open","ping_status":"open","sticky":false,"template":"","format":"standard","meta":{"footnotes":""},"categories":[1],"tags":[],"_links":{"self":[{"href":"http:\/\/damas.laiglesiadelacomunidad.com\/index.php?rest_route=\/wp\/v2\/posts\/4547"}],"collection":[{"href":"http:\/\/damas.laiglesiadelacomunidad.com\/index.php?rest_route=\/wp\/v2\/posts"}],"about":[{"href":"http:\/\/damas.laiglesiadelacomunidad.com\/index.php?rest_route=\/wp\/v2\/types\/post"}],"author":[{"embeddable":true,"href":"http:\/\/damas.laiglesiadelacomunidad.com\/index.php?rest_route=\/wp\/v2\/users\/3"}],"replies":[{"embeddable":true,"href":"http:\/\/damas.laiglesiadelacomunidad.com\/index.php?rest_route=%2Fwp%2Fv2%2Fcomments&post=4547"}],"version-history":[{"count":1,"href":"http:\/\/damas.laiglesiadelacomunidad.com\/index.php?rest_route=\/wp\/v2\/posts\/4547\/revisions"}],"predecessor-version":[{"id":4548,"href":"http:\/\/damas.laiglesiadelacomunidad.com\/index.php?rest_route=\/wp\/v2\/posts\/4547\/revisions\/4548"}],"wp:attachment":[{"href":"http:\/\/damas.laiglesiadelacomunidad.com\/index.php?rest_route=%2Fwp%2Fv2%2Fmedia&parent=4547"}],"wp:term":[{"taxonomy":"category","embeddable":true,"href":"http:\/\/damas.laiglesiadelacomunidad.com\/index.php?rest_route=%2Fwp%2Fv2%2Fcategories&post=4547"},{"taxonomy":"post_tag","embeddable":true,"href":"http:\/\/damas.laiglesiadelacomunidad.com\/index.php?rest_route=%2Fwp%2Fv2%2Ftags&post=4547"}],"curies":[{"name":"wp","href":"https:\/\/api.w.org\/{rel}","templated":true}]}}