{"id":4537,"date":"2014-07-27T14:43:13","date_gmt":"2014-07-27T19:43:13","guid":{"rendered":"http:\/\/damas.laiglesiadelacomunidad.com\/?p=4537"},"modified":"2014-07-27T14:43:13","modified_gmt":"2014-07-27T19:43:13","slug":"versiculo-para-meditar-85","status":"publish","type":"post","link":"http:\/\/damas.laiglesiadelacomunidad.com\/?p=4537","title":{"rendered":"Vers\u00edculo para Meditar"},"content":{"rendered":"<p>Como est\u00e1 escrito: \u00abLas cosas que ning\u00fan ojo vio, ni ning\u00fan o\u00eddo escuch\u00f3, ni han penetrado en el coraz\u00f3n del hombre, son las que Dios ha preparado para los que lo aman.\u00bb (\u202d1 Corintios\u202c \u202d2\u202c:\u202d9\u202c RVC)<\/p>\n","protected":false},"excerpt":{"rendered":"<p>Como est\u00e1 escrito: \u00abLas cosas que ning\u00fan ojo vio, ni ning\u00fan o\u00eddo escuch\u00f3, ni han penetrado en el coraz\u00f3n del hombre, son las que Dios ha preparado para los que lo aman.\u00bb (\u202d1 Corintios\u202c \u202d2\u202c:\u202d9\u202c RVC)<\/p>\n","protected":false},"author":2,"featured_media":0,"comment_status":"open","ping_status":"open","sticky":false,"template":"","format":"chat","meta":{"footnotes":""},"categories":[5],"tags":[],"_links":{"self":[{"href":"http:\/\/damas.laiglesiadelacomunidad.com\/index.php?rest_route=\/wp\/v2\/posts\/4537"}],"collection":[{"href":"http:\/\/damas.laiglesiadelacomunidad.com\/index.php?rest_route=\/wp\/v2\/posts"}],"about":[{"href":"http:\/\/damas.laiglesiadelacomunidad.com\/index.php?rest_route=\/wp\/v2\/types\/post"}],"author":[{"embeddable":true,"href":"http:\/\/damas.laiglesiadelacomunidad.com\/index.php?rest_route=\/wp\/v2\/users\/2"}],"replies":[{"embeddable":true,"href":"http:\/\/damas.laiglesiadelacomunidad.com\/index.php?rest_route=%2Fwp%2Fv2%2Fcomments&post=4537"}],"version-history":[{"count":1,"href":"http:\/\/damas.laiglesiadelacomunidad.com\/index.php?rest_route=\/wp\/v2\/posts\/4537\/revisions"}],"predecessor-version":[{"id":4538,"href":"http:\/\/damas.laiglesiadelacomunidad.com\/index.php?rest_route=\/wp\/v2\/posts\/4537\/revisions\/4538"}],"wp:attachment":[{"href":"http:\/\/damas.laiglesiadelacomunidad.com\/index.php?rest_route=%2Fwp%2Fv2%2Fmedia&parent=4537"}],"wp:term":[{"taxonomy":"category","embeddable":true,"href":"http:\/\/damas.laiglesiadelacomunidad.com\/index.php?rest_route=%2Fwp%2Fv2%2Fcategories&post=4537"},{"taxonomy":"post_tag","embeddable":true,"href":"http:\/\/damas.laiglesiadelacomunidad.com\/index.php?rest_route=%2Fwp%2Fv2%2Ftags&post=4537"}],"curies":[{"name":"wp","href":"https:\/\/api.w.org\/{rel}","templated":true}]}}