{"id":4532,"date":"2014-07-25T16:40:36","date_gmt":"2014-07-25T21:40:36","guid":{"rendered":"http:\/\/damas.laiglesiadelacomunidad.com\/?p=4532"},"modified":"2014-07-25T16:40:36","modified_gmt":"2014-07-25T21:40:36","slug":"noticias-desde-honduras","status":"publish","type":"post","link":"http:\/\/damas.laiglesiadelacomunidad.com\/?p=4532","title":{"rendered":"Noticias desde Honduras"},"content":{"rendered":"<p>Estamos en un sube y baja con mi hermana ayer estaba mucho mejor y anoche entro en shock y se encuentra de nuevo muy delicada, pero le doy gracias a Dios que puedo estar aqu\u00ed y ayudar y dar \u00e1nimos a mi familia, Dios es bueno, gracias por mantenernos en sus oraciones, desde aqu\u00ed oro por cada una de ustedes, Dios las cuide y las mantenga unidas en la fe y en el amor en Cristo. Las quiero y extra\u00f1o.<\/p>\n<p>Jackie C.<\/p>\n","protected":false},"excerpt":{"rendered":"<p>Estamos en un sube y baja con mi hermana ayer estaba mucho mejor y anoche entro en shock y se encuentra de nuevo muy delicada, pero le doy gracias a Dios que puedo estar aqu\u00ed y ayudar y dar \u00e1nimos a mi familia, Dios es bueno, gracias por mantenernos en sus oraciones, desde aqu\u00ed oro &hellip; <a href=\"http:\/\/damas.laiglesiadelacomunidad.com\/?p=4532\" class=\"more-link\">Continue reading <span class=\"screen-reader-text\">Noticias desde Honduras<\/span> <span class=\"meta-nav\">&rarr;<\/span><\/a><\/p>\n","protected":false},"author":2,"featured_media":0,"comment_status":"open","ping_status":"open","sticky":false,"template":"","format":"standard","meta":{"footnotes":""},"categories":[1],"tags":[],"_links":{"self":[{"href":"http:\/\/damas.laiglesiadelacomunidad.com\/index.php?rest_route=\/wp\/v2\/posts\/4532"}],"collection":[{"href":"http:\/\/damas.laiglesiadelacomunidad.com\/index.php?rest_route=\/wp\/v2\/posts"}],"about":[{"href":"http:\/\/damas.laiglesiadelacomunidad.com\/index.php?rest_route=\/wp\/v2\/types\/post"}],"author":[{"embeddable":true,"href":"http:\/\/damas.laiglesiadelacomunidad.com\/index.php?rest_route=\/wp\/v2\/users\/2"}],"replies":[{"embeddable":true,"href":"http:\/\/damas.laiglesiadelacomunidad.com\/index.php?rest_route=%2Fwp%2Fv2%2Fcomments&post=4532"}],"version-history":[{"count":1,"href":"http:\/\/damas.laiglesiadelacomunidad.com\/index.php?rest_route=\/wp\/v2\/posts\/4532\/revisions"}],"predecessor-version":[{"id":4533,"href":"http:\/\/damas.laiglesiadelacomunidad.com\/index.php?rest_route=\/wp\/v2\/posts\/4532\/revisions\/4533"}],"wp:attachment":[{"href":"http:\/\/damas.laiglesiadelacomunidad.com\/index.php?rest_route=%2Fwp%2Fv2%2Fmedia&parent=4532"}],"wp:term":[{"taxonomy":"category","embeddable":true,"href":"http:\/\/damas.laiglesiadelacomunidad.com\/index.php?rest_route=%2Fwp%2Fv2%2Fcategories&post=4532"},{"taxonomy":"post_tag","embeddable":true,"href":"http:\/\/damas.laiglesiadelacomunidad.com\/index.php?rest_route=%2Fwp%2Fv2%2Ftags&post=4532"}],"curies":[{"name":"wp","href":"https:\/\/api.w.org\/{rel}","templated":true}]}}