{"id":4530,"date":"2014-07-25T06:49:24","date_gmt":"2014-07-25T11:49:24","guid":{"rendered":"http:\/\/damas.laiglesiadelacomunidad.com\/?p=4530"},"modified":"2014-07-25T06:49:33","modified_gmt":"2014-07-25T11:49:33","slug":"versiculo-para-meditar-84","status":"publish","type":"post","link":"http:\/\/damas.laiglesiadelacomunidad.com\/?p=4530","title":{"rendered":"Vers\u00edculo para Meditar"},"content":{"rendered":"<p>Se\u00f1or, examina y reconoce mi coraz\u00f3n: pon a prueba cada uno de mis pensamientos. As\u00ed ver\u00e1s si voy por mal camino, y me guiar\u00e1s por el camino eterno. (\u202dSalmos\u202c \u202d139\u202c:\u202d23-24\u202c RVC)<\/p>\n","protected":false},"excerpt":{"rendered":"<p>Se\u00f1or, examina y reconoce mi coraz\u00f3n: pon a prueba cada uno de mis pensamientos. As\u00ed ver\u00e1s si voy por mal camino, y me guiar\u00e1s por el camino eterno. (\u202dSalmos\u202c \u202d139\u202c:\u202d23-24\u202c RVC)<\/p>\n","protected":false},"author":2,"featured_media":0,"comment_status":"open","ping_status":"open","sticky":false,"template":"","format":"aside","meta":{"footnotes":""},"categories":[5],"tags":[],"_links":{"self":[{"href":"http:\/\/damas.laiglesiadelacomunidad.com\/index.php?rest_route=\/wp\/v2\/posts\/4530"}],"collection":[{"href":"http:\/\/damas.laiglesiadelacomunidad.com\/index.php?rest_route=\/wp\/v2\/posts"}],"about":[{"href":"http:\/\/damas.laiglesiadelacomunidad.com\/index.php?rest_route=\/wp\/v2\/types\/post"}],"author":[{"embeddable":true,"href":"http:\/\/damas.laiglesiadelacomunidad.com\/index.php?rest_route=\/wp\/v2\/users\/2"}],"replies":[{"embeddable":true,"href":"http:\/\/damas.laiglesiadelacomunidad.com\/index.php?rest_route=%2Fwp%2Fv2%2Fcomments&post=4530"}],"version-history":[{"count":1,"href":"http:\/\/damas.laiglesiadelacomunidad.com\/index.php?rest_route=\/wp\/v2\/posts\/4530\/revisions"}],"predecessor-version":[{"id":4531,"href":"http:\/\/damas.laiglesiadelacomunidad.com\/index.php?rest_route=\/wp\/v2\/posts\/4530\/revisions\/4531"}],"wp:attachment":[{"href":"http:\/\/damas.laiglesiadelacomunidad.com\/index.php?rest_route=%2Fwp%2Fv2%2Fmedia&parent=4530"}],"wp:term":[{"taxonomy":"category","embeddable":true,"href":"http:\/\/damas.laiglesiadelacomunidad.com\/index.php?rest_route=%2Fwp%2Fv2%2Fcategories&post=4530"},{"taxonomy":"post_tag","embeddable":true,"href":"http:\/\/damas.laiglesiadelacomunidad.com\/index.php?rest_route=%2Fwp%2Fv2%2Ftags&post=4530"}],"curies":[{"name":"wp","href":"https:\/\/api.w.org\/{rel}","templated":true}]}}