{"id":4528,"date":"2014-07-24T16:25:30","date_gmt":"2014-07-24T21:25:30","guid":{"rendered":"http:\/\/damas.laiglesiadelacomunidad.com\/?p=4528"},"modified":"2014-07-24T16:25:30","modified_gmt":"2014-07-24T21:25:30","slug":"noticias-de-honduras-2","status":"publish","type":"post","link":"http:\/\/damas.laiglesiadelacomunidad.com\/?p=4528","title":{"rendered":"Noticias de Honduras"},"content":{"rendered":"<p>Hola a todas gracias por sus oraciones por mi hermanita, hoy por fin ella esta reaccionando,  ya est\u00e1 m\u00e1s estable, sigue en cuidados intensivos pero ya esta presentando mejor\u00eda, hay esperanzas. Gracias Se\u00f1or por obrar de esta forma en Rosita y tambi\u00e9n por darme oportunidades de evangelizar en el hospital.<\/p>\n","protected":false},"excerpt":{"rendered":"<p>Hola a todas gracias por sus oraciones por mi hermanita, hoy por fin ella esta reaccionando, ya est\u00e1 m\u00e1s estable, sigue en cuidados intensivos pero ya esta presentando mejor\u00eda, hay esperanzas. Gracias Se\u00f1or por obrar de esta forma en Rosita y tambi\u00e9n por darme oportunidades de evangelizar en el hospital.<\/p>\n","protected":false},"author":2,"featured_media":0,"comment_status":"open","ping_status":"open","sticky":false,"template":"","format":"chat","meta":{"footnotes":""},"categories":[1],"tags":[],"_links":{"self":[{"href":"http:\/\/damas.laiglesiadelacomunidad.com\/index.php?rest_route=\/wp\/v2\/posts\/4528"}],"collection":[{"href":"http:\/\/damas.laiglesiadelacomunidad.com\/index.php?rest_route=\/wp\/v2\/posts"}],"about":[{"href":"http:\/\/damas.laiglesiadelacomunidad.com\/index.php?rest_route=\/wp\/v2\/types\/post"}],"author":[{"embeddable":true,"href":"http:\/\/damas.laiglesiadelacomunidad.com\/index.php?rest_route=\/wp\/v2\/users\/2"}],"replies":[{"embeddable":true,"href":"http:\/\/damas.laiglesiadelacomunidad.com\/index.php?rest_route=%2Fwp%2Fv2%2Fcomments&post=4528"}],"version-history":[{"count":1,"href":"http:\/\/damas.laiglesiadelacomunidad.com\/index.php?rest_route=\/wp\/v2\/posts\/4528\/revisions"}],"predecessor-version":[{"id":4529,"href":"http:\/\/damas.laiglesiadelacomunidad.com\/index.php?rest_route=\/wp\/v2\/posts\/4528\/revisions\/4529"}],"wp:attachment":[{"href":"http:\/\/damas.laiglesiadelacomunidad.com\/index.php?rest_route=%2Fwp%2Fv2%2Fmedia&parent=4528"}],"wp:term":[{"taxonomy":"category","embeddable":true,"href":"http:\/\/damas.laiglesiadelacomunidad.com\/index.php?rest_route=%2Fwp%2Fv2%2Fcategories&post=4528"},{"taxonomy":"post_tag","embeddable":true,"href":"http:\/\/damas.laiglesiadelacomunidad.com\/index.php?rest_route=%2Fwp%2Fv2%2Ftags&post=4528"}],"curies":[{"name":"wp","href":"https:\/\/api.w.org\/{rel}","templated":true}]}}