{"id":4507,"date":"2014-07-23T21:38:23","date_gmt":"2014-07-24T02:38:23","guid":{"rendered":"http:\/\/damas.laiglesiadelacomunidad.com\/?p=4507"},"modified":"2014-07-23T21:38:23","modified_gmt":"2014-07-24T02:38:23","slug":"peticiones","status":"publish","type":"post","link":"http:\/\/damas.laiglesiadelacomunidad.com\/?p=4507","title":{"rendered":"PETICIONES"},"content":{"rendered":"<p>Aqu\u00ed les presentamos las peticiones que tenemos en la comunidas para orar juntas por cada una de ellas. GRACIAS POR LA UNIDAD CHICAS&#8230;. \ud83d\ude42<\/p>\n<p>Jackie Galo-Canarsky: Por su hermanita Rosa, Familia, su viaje y por que la Iglesia y la comunidad se mantenga unida.<\/p>\n<p>Rachel: Por los j\u00f3venes y los militares.<\/p>\n<p>Hortencia: Por su esposo y au hija, para que Dios nos llene de amor para con nuestros hermanos.<\/p>\n<p>Lizzy: Por su viaje a CA y que Dios prepare a cada una de las personas y por cada una de nosotras.<\/p>\n<p>Albita: Pide oraci\u00f3n por su familia, por el regreso de Robersy y para que su F\u00c9 nunca falte, para que Dios cuide un matrimonio que satanas quiere destruir. T\u00fa sabes Dios quien es.<\/p>\n<p>Karina: Por Kevin el ni\u00f1o con cancer, mi esposo e hijos, mi mamita, la Iglesia, Felipe, Gabriel y Daniel, la hermanita de Jackie Galo-Canarsky, para que Dios nos ayude a que nos amemos unas con otras. Que nuestra F\u00c9 no falte y que confiemos que todo esta en las manos del creador perfecto.<\/p>\n<p>Irene: Pide que oremos por su familia.<\/p>\n<p>Carmen: Pide oraci\u00f3n por su familia y por su condici\u00f3n de los nervios.<\/p>\n<p>Lupita: Para que Dios siempre nos mantenga con el trabajo y por su esposo.<\/p>\n<p>Rocio:<br \/>\nPide por sus hijas q cada una de ellas encuentren y amen a Dios y se acerquen a El. Por Raulito q Dios lo siga sanando ahorita el esta con tos y un poco congestionado y solo pido q no se ponga peor. X eric q Dios toque su corazon, por Raul y Jorge q tambien ellos sean tocados x Dios y sepan ser buenos hombres en su matriminio y q Mich y Raul se casen para q no vivan en pecado. Tambien pido x mi y todas ustedes y la iglesia se sigamos adelante, unidos, con amor hacia los demas esten en la iglesia o no, y q cada uno de nosotros podamos ver nuestras fallas y orar para q no nos alejemos del camino de Dios.<\/p>\n<p>Belinda:<br \/>\nLes quiero pedir que oren por mi esposo para que le salga bien el examen que le van a realizar el viernes 25 de julio y por mi que Dios me de fortaleza y paz por todo mi movimiento de mudanza por mis hijos y por las nuevas escuelas que tendran.<br \/>\nPor favor les pido que sigan orando por mi por mi hijo peque\u00f1o que esta mal de los nervios y no puede dormir por las noches.<\/p>\n<p>Blanca Perez: Pide oraciones por su segunda cirug\u00eda que le van a hacer en el hombro esta semana.<\/p>\n<p>Jackie Mendez:<br \/>\nPide oraci\u00f3n por Antonio por el fallecimiento de su mam\u00e1 en Mexico, que Dios les de fuerzas y consuelo en medio de esta perdida tan grande en su vida.<\/p>\n","protected":false},"excerpt":{"rendered":"<p>Aqu\u00ed les presentamos las peticiones que tenemos en la comunidas para orar juntas por cada una de ellas. GRACIAS POR LA UNIDAD CHICAS&#8230;. \ud83d\ude42 Jackie Galo-Canarsky: Por su hermanita Rosa, Familia, su viaje y por que la Iglesia y la comunidad se mantenga unida. Rachel: Por los j\u00f3venes y los militares. Hortencia: Por su esposo &hellip; <a href=\"http:\/\/damas.laiglesiadelacomunidad.com\/?p=4507\" class=\"more-link\">Continue reading <span class=\"screen-reader-text\">PETICIONES<\/span> <span class=\"meta-nav\">&rarr;<\/span><\/a><\/p>\n","protected":false},"author":3,"featured_media":0,"comment_status":"open","ping_status":"open","sticky":false,"template":"","format":"standard","meta":{"footnotes":""},"categories":[1],"tags":[],"_links":{"self":[{"href":"http:\/\/damas.laiglesiadelacomunidad.com\/index.php?rest_route=\/wp\/v2\/posts\/4507"}],"collection":[{"href":"http:\/\/damas.laiglesiadelacomunidad.com\/index.php?rest_route=\/wp\/v2\/posts"}],"about":[{"href":"http:\/\/damas.laiglesiadelacomunidad.com\/index.php?rest_route=\/wp\/v2\/types\/post"}],"author":[{"embeddable":true,"href":"http:\/\/damas.laiglesiadelacomunidad.com\/index.php?rest_route=\/wp\/v2\/users\/3"}],"replies":[{"embeddable":true,"href":"http:\/\/damas.laiglesiadelacomunidad.com\/index.php?rest_route=%2Fwp%2Fv2%2Fcomments&post=4507"}],"version-history":[{"count":1,"href":"http:\/\/damas.laiglesiadelacomunidad.com\/index.php?rest_route=\/wp\/v2\/posts\/4507\/revisions"}],"predecessor-version":[{"id":4508,"href":"http:\/\/damas.laiglesiadelacomunidad.com\/index.php?rest_route=\/wp\/v2\/posts\/4507\/revisions\/4508"}],"wp:attachment":[{"href":"http:\/\/damas.laiglesiadelacomunidad.com\/index.php?rest_route=%2Fwp%2Fv2%2Fmedia&parent=4507"}],"wp:term":[{"taxonomy":"category","embeddable":true,"href":"http:\/\/damas.laiglesiadelacomunidad.com\/index.php?rest_route=%2Fwp%2Fv2%2Fcategories&post=4507"},{"taxonomy":"post_tag","embeddable":true,"href":"http:\/\/damas.laiglesiadelacomunidad.com\/index.php?rest_route=%2Fwp%2Fv2%2Ftags&post=4507"}],"curies":[{"name":"wp","href":"https:\/\/api.w.org\/{rel}","templated":true}]}}