{"id":4503,"date":"2014-07-23T17:42:56","date_gmt":"2014-07-23T22:42:56","guid":{"rendered":"http:\/\/damas.laiglesiadelacomunidad.com\/?p=4503"},"modified":"2014-07-23T17:42:56","modified_gmt":"2014-07-23T22:42:56","slug":"versiculo-para-meditar-82","status":"publish","type":"post","link":"http:\/\/damas.laiglesiadelacomunidad.com\/?p=4503","title":{"rendered":"Vers\u00edculo para Meditar"},"content":{"rendered":"<p>\u00bbCuidado con hacer sus obras de justicia s\u00f3lo para que la gente los vea. Si lo hacen as\u00ed, su Padre que est\u00e1 en los cielos no les dar\u00e1 ninguna recompensa. (\u202dSan Mateo\u202c \u202d6\u202c:\u202d1\u202c RVC)<\/p>\n","protected":false},"excerpt":{"rendered":"<p>\u00bbCuidado con hacer sus obras de justicia s\u00f3lo para que la gente los vea. Si lo hacen as\u00ed, su Padre que est\u00e1 en los cielos no les dar\u00e1 ninguna recompensa. (\u202dSan Mateo\u202c \u202d6\u202c:\u202d1\u202c RVC)<\/p>\n","protected":false},"author":2,"featured_media":0,"comment_status":"open","ping_status":"open","sticky":false,"template":"","format":"chat","meta":{"footnotes":""},"categories":[5],"tags":[],"_links":{"self":[{"href":"http:\/\/damas.laiglesiadelacomunidad.com\/index.php?rest_route=\/wp\/v2\/posts\/4503"}],"collection":[{"href":"http:\/\/damas.laiglesiadelacomunidad.com\/index.php?rest_route=\/wp\/v2\/posts"}],"about":[{"href":"http:\/\/damas.laiglesiadelacomunidad.com\/index.php?rest_route=\/wp\/v2\/types\/post"}],"author":[{"embeddable":true,"href":"http:\/\/damas.laiglesiadelacomunidad.com\/index.php?rest_route=\/wp\/v2\/users\/2"}],"replies":[{"embeddable":true,"href":"http:\/\/damas.laiglesiadelacomunidad.com\/index.php?rest_route=%2Fwp%2Fv2%2Fcomments&post=4503"}],"version-history":[{"count":1,"href":"http:\/\/damas.laiglesiadelacomunidad.com\/index.php?rest_route=\/wp\/v2\/posts\/4503\/revisions"}],"predecessor-version":[{"id":4504,"href":"http:\/\/damas.laiglesiadelacomunidad.com\/index.php?rest_route=\/wp\/v2\/posts\/4503\/revisions\/4504"}],"wp:attachment":[{"href":"http:\/\/damas.laiglesiadelacomunidad.com\/index.php?rest_route=%2Fwp%2Fv2%2Fmedia&parent=4503"}],"wp:term":[{"taxonomy":"category","embeddable":true,"href":"http:\/\/damas.laiglesiadelacomunidad.com\/index.php?rest_route=%2Fwp%2Fv2%2Fcategories&post=4503"},{"taxonomy":"post_tag","embeddable":true,"href":"http:\/\/damas.laiglesiadelacomunidad.com\/index.php?rest_route=%2Fwp%2Fv2%2Ftags&post=4503"}],"curies":[{"name":"wp","href":"https:\/\/api.w.org\/{rel}","templated":true}]}}