{"id":4494,"date":"2014-07-22T11:40:49","date_gmt":"2014-07-22T16:40:49","guid":{"rendered":"http:\/\/damas.laiglesiadelacomunidad.com\/?p=4494"},"modified":"2014-07-22T11:44:27","modified_gmt":"2014-07-22T16:44:27","slug":"4494","status":"publish","type":"post","link":"http:\/\/damas.laiglesiadelacomunidad.com\/?p=4494","title":{"rendered":"Estudio del Miercoles."},"content":{"rendered":"<p><a href=\"http:\/\/damas.laiglesiadelacomunidad.com\/wp-content\/uploads\/2014\/07\/wpid-img-20140701-wa0000.jpg\"><img decoding=\"async\" title=\"IMG-20140701-WA0000.jpg\" class=\"alignnone size-full\" alt=\"image\" src=\"http:\/\/damas.laiglesiadelacomunidad.com\/wp-content\/uploads\/2014\/07\/wpid-img-20140701-wa0000.jpg\" \/><\/a><\/p>\n<p>Chicas ma\u00f1ana es d\u00eda de ayuno y oraci\u00f3n en la comunidad, si gustas \u00fanete a nosotras y oremos por todas las peticiones y agradecimientos. Gracias!<\/p>\n","protected":false},"excerpt":{"rendered":"<p>Chicas ma\u00f1ana es d\u00eda de ayuno y oraci\u00f3n en la comunidad, si gustas \u00fanete a nosotras y oremos por todas las peticiones y agradecimientos. Gracias!<\/p>\n","protected":false},"author":3,"featured_media":0,"comment_status":"open","ping_status":"open","sticky":false,"template":"","format":"standard","meta":{"footnotes":""},"categories":[1],"tags":[],"_links":{"self":[{"href":"http:\/\/damas.laiglesiadelacomunidad.com\/index.php?rest_route=\/wp\/v2\/posts\/4494"}],"collection":[{"href":"http:\/\/damas.laiglesiadelacomunidad.com\/index.php?rest_route=\/wp\/v2\/posts"}],"about":[{"href":"http:\/\/damas.laiglesiadelacomunidad.com\/index.php?rest_route=\/wp\/v2\/types\/post"}],"author":[{"embeddable":true,"href":"http:\/\/damas.laiglesiadelacomunidad.com\/index.php?rest_route=\/wp\/v2\/users\/3"}],"replies":[{"embeddable":true,"href":"http:\/\/damas.laiglesiadelacomunidad.com\/index.php?rest_route=%2Fwp%2Fv2%2Fcomments&post=4494"}],"version-history":[{"count":3,"href":"http:\/\/damas.laiglesiadelacomunidad.com\/index.php?rest_route=\/wp\/v2\/posts\/4494\/revisions"}],"predecessor-version":[{"id":4497,"href":"http:\/\/damas.laiglesiadelacomunidad.com\/index.php?rest_route=\/wp\/v2\/posts\/4494\/revisions\/4497"}],"wp:attachment":[{"href":"http:\/\/damas.laiglesiadelacomunidad.com\/index.php?rest_route=%2Fwp%2Fv2%2Fmedia&parent=4494"}],"wp:term":[{"taxonomy":"category","embeddable":true,"href":"http:\/\/damas.laiglesiadelacomunidad.com\/index.php?rest_route=%2Fwp%2Fv2%2Fcategories&post=4494"},{"taxonomy":"post_tag","embeddable":true,"href":"http:\/\/damas.laiglesiadelacomunidad.com\/index.php?rest_route=%2Fwp%2Fv2%2Ftags&post=4494"}],"curies":[{"name":"wp","href":"https:\/\/api.w.org\/{rel}","templated":true}]}}