{"id":4443,"date":"2014-07-10T23:53:03","date_gmt":"2014-07-11T04:53:03","guid":{"rendered":"http:\/\/damas.laiglesiadelacomunidad.com\/?p=4443"},"modified":"2014-07-10T23:53:03","modified_gmt":"2014-07-11T04:53:03","slug":"confiar-en-cristo","status":"publish","type":"post","link":"http:\/\/damas.laiglesiadelacomunidad.com\/?p=4443","title":{"rendered":"Conf\u00edar en Cristo :)"},"content":{"rendered":"<p>Salmos 25:4-5\u00a0<br \/>\nDios m\u00edo,<br \/>\nens\u00e9\u00f1ame a vivir<br \/>\ncomo t\u00fa siempre has querido.<br \/>\nT\u00fa eres mi Dios y salvador,<br \/>\ny en ti siempre conf\u00edo.<\/p>\n<p><a href=\"http:\/\/damas.laiglesiadelacomunidad.com\/wp-content\/uploads\/2014\/07\/wpid-img_14322019888778.jpeg\"><img decoding=\"async\" title=\"IMG_14322019888778.jpeg\" class=\"alignnone size-full\" alt=\"image\" src=\"http:\/\/damas.laiglesiadelacomunidad.com\/wp-content\/uploads\/2014\/07\/wpid-img_14322019888778.jpeg\" \/><\/a><\/p>\n","protected":false},"excerpt":{"rendered":"<p>Salmos 25:4-5\u00a0 Dios m\u00edo, ens\u00e9\u00f1ame a vivir como t\u00fa siempre has querido. T\u00fa eres mi Dios y salvador, y en ti siempre conf\u00edo.<\/p>\n","protected":false},"author":3,"featured_media":0,"comment_status":"open","ping_status":"open","sticky":false,"template":"","format":"standard","meta":{"footnotes":""},"categories":[1],"tags":[],"_links":{"self":[{"href":"http:\/\/damas.laiglesiadelacomunidad.com\/index.php?rest_route=\/wp\/v2\/posts\/4443"}],"collection":[{"href":"http:\/\/damas.laiglesiadelacomunidad.com\/index.php?rest_route=\/wp\/v2\/posts"}],"about":[{"href":"http:\/\/damas.laiglesiadelacomunidad.com\/index.php?rest_route=\/wp\/v2\/types\/post"}],"author":[{"embeddable":true,"href":"http:\/\/damas.laiglesiadelacomunidad.com\/index.php?rest_route=\/wp\/v2\/users\/3"}],"replies":[{"embeddable":true,"href":"http:\/\/damas.laiglesiadelacomunidad.com\/index.php?rest_route=%2Fwp%2Fv2%2Fcomments&post=4443"}],"version-history":[{"count":1,"href":"http:\/\/damas.laiglesiadelacomunidad.com\/index.php?rest_route=\/wp\/v2\/posts\/4443\/revisions"}],"predecessor-version":[{"id":4444,"href":"http:\/\/damas.laiglesiadelacomunidad.com\/index.php?rest_route=\/wp\/v2\/posts\/4443\/revisions\/4444"}],"wp:attachment":[{"href":"http:\/\/damas.laiglesiadelacomunidad.com\/index.php?rest_route=%2Fwp%2Fv2%2Fmedia&parent=4443"}],"wp:term":[{"taxonomy":"category","embeddable":true,"href":"http:\/\/damas.laiglesiadelacomunidad.com\/index.php?rest_route=%2Fwp%2Fv2%2Fcategories&post=4443"},{"taxonomy":"post_tag","embeddable":true,"href":"http:\/\/damas.laiglesiadelacomunidad.com\/index.php?rest_route=%2Fwp%2Fv2%2Ftags&post=4443"}],"curies":[{"name":"wp","href":"https:\/\/api.w.org\/{rel}","templated":true}]}}