{"id":4434,"date":"2014-07-10T11:39:36","date_gmt":"2014-07-10T16:39:36","guid":{"rendered":"http:\/\/damas.laiglesiadelacomunidad.com\/?p=4434"},"modified":"2014-07-10T16:01:04","modified_gmt":"2014-07-10T21:01:04","slug":"estudio-9-de-julio-2014","status":"publish","type":"post","link":"http:\/\/damas.laiglesiadelacomunidad.com\/?p=4434","title":{"rendered":"Estudio 9 de Julio 2014"},"content":{"rendered":"<p>Gracias Kari por abrir su casa para realizar los estudios, gracias por ser tan buena anfitriona \ud83d\ude42<\/p>\n<p>Que estudio tan bonito y animador, muchas veces por quedar bien con la gente o por que piensen lo mejor de nosotros hacemos cosas que nos esclavizan y perdemos toda la libertad que tenemos en Cristo, a veces usamos cosas como a que hora reunirnos para ir a la iglesia o que d\u00eda se tiene que ir, o \u00a0si usamos este tipo de musica o este otro, o si me visto de esta forma o de esta otra y dejamos que las personas nos esclavicen en vez de vivir con la guia del Esp\u00edritu Santo.<\/p>\n<p class=\"chapter-2\" style=\"color: #000000;\"><em><strong><span class=\"text Acts-15-1\"><span class=\"chapternum\">\u00a0<\/span>De Judea llegaron algunos que ense\u00f1aban a los hermanos que, si no se circuncidaban seg\u00fan el rito de Mois\u00e9s,\u00a0no pod\u00edan ser salvos.<\/span>\u00a0<span id=\"es-RVC-27446\" class=\"text Acts-15-2\">Como Pablo y Bernab\u00e9 tuvieron una fuerte discusi\u00f3n con ellos, se acord\u00f3 que los dos y algunos otros fueran a Jerusal\u00e9n para tratar esta cuesti\u00f3n con los ap\u00f3stoles y los ancianos.<\/span>\u00a0<span id=\"es-RVC-27447\" class=\"text Acts-15-3\">Como hab\u00edan sido enviados por la iglesia, pasaron por Fenicia y Samaria, y all\u00ed hablaron de la conversi\u00f3n de los no jud\u00edos, lo cual hizo que todos los hermanos se alegraran mucho.<\/span>\u00a0<span id=\"es-RVC-27448\" class=\"text Acts-15-4\">Cuando llegaron a Jerusal\u00e9n, fueron recibidos por la iglesia, los ap\u00f3stoles y los ancianos, y all\u00ed contaron todo lo que Dios hab\u00eda hecho con ellos.<\/span>\u00a0<span id=\"es-RVC-27449\" class=\"text Acts-15-5\">Pero algunos creyentes de la secta de los fariseos, que estaban all\u00ed, se opusieron a ellos y dijeron: \u00abEs necesario circuncidarlos, y mandarles que cumplan con la ley de Mois\u00e9s.\u00bb<\/span><\/strong><\/em><\/p>\n<p style=\"color: #000000;\"><em><strong><span id=\"es-RVC-27450\" class=\"text Acts-15-6\">Los ap\u00f3stoles y los ancianos se reunieron para tratar este asunto,<\/span>\u00a0<span id=\"es-RVC-27451\" class=\"text Acts-15-7\">y luego de mucho discutir, Pedro se levant\u00f3 y les dijo: \u00abQueridos hermanos, ustedes saben que hace alg\u00fan tiempo Dios determin\u00f3 que yo mismo proclamara a los no jud\u00edos el mensaje del evangelio, para que creyeran.<\/span>\u00a0<span id=\"es-RVC-27452\" class=\"text Acts-15-8\">Y Dios, que conoce los corazones, los confirm\u00f3 y les dio el Esp\u00edritu Santo,\u00a0lo mismo que a nosotros.<\/span>\u00a0<span id=\"es-RVC-27453\" class=\"text Acts-15-9\">Dios no hizo ninguna diferencia entre ellos y nosotros, sino que por la fe purific\u00f3 sus corazones.<\/span>\u00a0<span id=\"es-RVC-27454\" class=\"text Acts-15-10\">Entonces, \u00bfpor qu\u00e9 ponen a prueba a Dios, al imponer sobre los disc\u00edpulos una carga que ni nuestros padres ni nosotros hemos podido llevar?<\/span>\u00a0<span id=\"es-RVC-27455\" class=\"text Acts-15-11\">Lo que creemos es que, por la bondad del Se\u00f1or Jes\u00fas, seremos salvos lo mismo que ellos.\u00bb<\/span><\/strong><\/em><\/p>\n<p style=\"color: #000000;\"><em><strong><span id=\"es-RVC-27456\" class=\"text Acts-15-12\">Al o\u00edr que Bernab\u00e9 y Pablo contaban las grandes se\u00f1ales y maravillas que Dios hab\u00eda realizado por medio de ellos entre los no jud\u00edos, toda la multitud guard\u00f3 silencio;<\/span>\u00a0<span id=\"es-RVC-27457\" class=\"text Acts-15-13\">y cuando terminaron de hablar, Jacobo respondi\u00f3 y dijo: \u00abHermanos, esc\u00fachenme.<\/span><span id=\"es-RVC-27458\" class=\"text Acts-15-14\">Sim\u00f3n nos ha contado c\u00f3mo Dios visit\u00f3 a los no jud\u00edos por primera vez, para a\u00f1adirlos al pueblo que cree en su nombre.<\/span>\u00a0<span id=\"es-RVC-27459\" class=\"text Acts-15-15\">Las palabras de los profetas concuerdan en esto, pues est\u00e1 escrito:<\/span><\/strong><\/em><\/p>\n<div class=\"poetry top-1\" style=\"color: #000000;\">\n<p class=\"line\"><em><strong><span id=\"es-RVC-27460\" class=\"text Acts-15-16\">\u00bb\u201cDespu\u00e9s de esto volver\u00e9,<\/span><\/strong><\/em><br \/>\n<em><strong><span class=\"text Acts-15-16\">y reedificar\u00e9 el ca\u00eddo tabern\u00e1culo de David;<\/span><\/strong><\/em><br \/>\n<em><strong><span class=\"text Acts-15-16\">reparar\u00e9 sus ruinas<\/span><\/strong><\/em><br \/>\n<em><strong><span class=\"text Acts-15-16\">y lo volver\u00e9 a levantar,<\/span><\/strong><\/em><br \/>\n<em><strong><span id=\"es-RVC-27461\" class=\"text Acts-15-17\">para que el resto de la humanidad busque al Se\u00f1or,<\/span><\/strong><\/em><br \/>\n<em><strong><span class=\"text Acts-15-17\">y tambi\u00e9n todas las naciones que invocan mi nombre.\u201d<\/span><\/strong><\/em><\/p>\n<\/div>\n<p class=\"top-1\" style=\"color: #000000;\"><em><strong><span id=\"es-RVC-27462\" class=\"text Acts-15-18\">\u00bbEsto lo dice el Se\u00f1or. Lo ha dado a conocer desde los tiempos antiguos.<\/span><\/strong><\/em><em><strong><span id=\"es-RVC-27463\" class=\"text Acts-15-19\">\u00bbMi consejo es que no inquieten a los no jud\u00edos para que se conviertan a Dios,<\/span>\u00a0<span id=\"es-RVC-27464\" class=\"text Acts-15-20\">sino que los instruyan para que se aparten de la idolatr\u00eda,\u00a0del libertinaje sexual,\u00a0del comer carne de animales ahogados, y de comer sangre.<\/span>\u00a0<span id=\"es-RVC-27465\" class=\"text Acts-15-21\">A Mois\u00e9s no le falta quien lo predique en las sinagogas, cada d\u00eda de reposo, en cada ciudad y desde los tiempos antiguos.\u00bb Hechos 151-21<\/span><\/strong><\/em><\/p>\n<p class=\"top-1\" style=\"color: #000000;\">Se\u00f1or te pedimos que nos protejas de caer en la esclavitud provocada por personas religiosas, que no sigamos su guia sino la guia del Esp\u00edritu Santo. Am\u00e9n<\/p>\n<p class=\"top-1\" style=\"color: #000000;\">Las quiero mucho,<\/p>\n<p class=\"top-1\" style=\"color: #000000;\">Jackie C.<\/p>\n<p><a href=\"http:\/\/damas.laiglesiadelacomunidad.com\/wp-content\/uploads\/2014\/07\/20140710-114059-42059396.jpg\"><img decoding=\"async\" class=\"alignnone size-full\" src=\"http:\/\/damas.laiglesiadelacomunidad.com\/wp-content\/uploads\/2014\/07\/20140710-114059-42059396.jpg\" alt=\"20140710-114059-42059396.jpg\" \/><\/a><\/p>\n<p><a href=\"http:\/\/damas.laiglesiadelacomunidad.com\/wp-content\/uploads\/2014\/07\/20140710-114059-42059613.jpg\"><img decoding=\"async\" class=\"alignnone size-full\" src=\"http:\/\/damas.laiglesiadelacomunidad.com\/wp-content\/uploads\/2014\/07\/20140710-114059-42059613.jpg\" alt=\"20140710-114059-42059613.jpg\" \/><\/a><\/p>\n<p><a href=\"http:\/\/damas.laiglesiadelacomunidad.com\/wp-content\/uploads\/2014\/07\/20140710-114059-42059160.jpg\"><img decoding=\"async\" class=\"alignnone size-full\" src=\"http:\/\/damas.laiglesiadelacomunidad.com\/wp-content\/uploads\/2014\/07\/20140710-114059-42059160.jpg\" alt=\"20140710-114059-42059160.jpg\" \/><\/a><\/p>\n","protected":false},"excerpt":{"rendered":"<p>Gracias Kari por abrir su casa para realizar los estudios, gracias por ser tan buena anfitriona \ud83d\ude42 Que estudio tan bonito y animador, muchas veces por quedar bien con la gente o por que piensen lo mejor de nosotros hacemos cosas que nos esclavizan y perdemos toda la libertad que tenemos en Cristo, a veces &hellip; <a href=\"http:\/\/damas.laiglesiadelacomunidad.com\/?p=4434\" class=\"more-link\">Continue reading <span class=\"screen-reader-text\">Estudio 9 de Julio 2014<\/span> <span class=\"meta-nav\">&rarr;<\/span><\/a><\/p>\n","protected":false},"author":2,"featured_media":0,"comment_status":"open","ping_status":"open","sticky":false,"template":"","format":"standard","meta":{"footnotes":""},"categories":[6],"tags":[],"_links":{"self":[{"href":"http:\/\/damas.laiglesiadelacomunidad.com\/index.php?rest_route=\/wp\/v2\/posts\/4434"}],"collection":[{"href":"http:\/\/damas.laiglesiadelacomunidad.com\/index.php?rest_route=\/wp\/v2\/posts"}],"about":[{"href":"http:\/\/damas.laiglesiadelacomunidad.com\/index.php?rest_route=\/wp\/v2\/types\/post"}],"author":[{"embeddable":true,"href":"http:\/\/damas.laiglesiadelacomunidad.com\/index.php?rest_route=\/wp\/v2\/users\/2"}],"replies":[{"embeddable":true,"href":"http:\/\/damas.laiglesiadelacomunidad.com\/index.php?rest_route=%2Fwp%2Fv2%2Fcomments&post=4434"}],"version-history":[{"count":4,"href":"http:\/\/damas.laiglesiadelacomunidad.com\/index.php?rest_route=\/wp\/v2\/posts\/4434\/revisions"}],"predecessor-version":[{"id":4441,"href":"http:\/\/damas.laiglesiadelacomunidad.com\/index.php?rest_route=\/wp\/v2\/posts\/4434\/revisions\/4441"}],"wp:attachment":[{"href":"http:\/\/damas.laiglesiadelacomunidad.com\/index.php?rest_route=%2Fwp%2Fv2%2Fmedia&parent=4434"}],"wp:term":[{"taxonomy":"category","embeddable":true,"href":"http:\/\/damas.laiglesiadelacomunidad.com\/index.php?rest_route=%2Fwp%2Fv2%2Fcategories&post=4434"},{"taxonomy":"post_tag","embeddable":true,"href":"http:\/\/damas.laiglesiadelacomunidad.com\/index.php?rest_route=%2Fwp%2Fv2%2Ftags&post=4434"}],"curies":[{"name":"wp","href":"https:\/\/api.w.org\/{rel}","templated":true}]}}