{"id":4366,"date":"2014-06-29T23:22:56","date_gmt":"2014-06-30T04:22:56","guid":{"rendered":"http:\/\/damas.laiglesiadelacomunidad.com\/?p=4366"},"modified":"2014-06-29T23:22:56","modified_gmt":"2014-06-30T04:22:56","slug":"reunion-29-de-junio-2014","status":"publish","type":"post","link":"http:\/\/damas.laiglesiadelacomunidad.com\/?p=4366","title":{"rendered":"Reuni\u00f3n 29 de Junio 2014"},"content":{"rendered":"<p>No saben cuanto extra\u00f1e verlas, adorar a Dios en la congregaci\u00f3n y el mensaje, pero gracias a Kari pude verlas en fotos las cuales comparto con todas ustedes.<\/p>\n<p><a href=\"http:\/\/damas.laiglesiadelacomunidad.com\/wp-content\/uploads\/2014\/06\/20140629-232215-84135166.jpg\"><img decoding=\"async\" src=\"http:\/\/damas.laiglesiadelacomunidad.com\/wp-content\/uploads\/2014\/06\/20140629-232215-84135166.jpg\" alt=\"20140629-232215-84135166.jpg\" class=\"alignnone size-full\" \/><\/a><\/p>\n<p><a href=\"http:\/\/damas.laiglesiadelacomunidad.com\/wp-content\/uploads\/2014\/06\/20140629-232215-84135409.jpg\"><img decoding=\"async\" src=\"http:\/\/damas.laiglesiadelacomunidad.com\/wp-content\/uploads\/2014\/06\/20140629-232215-84135409.jpg\" alt=\"20140629-232215-84135409.jpg\" class=\"alignnone size-full\" \/><\/a><\/p>\n<p><a href=\"http:\/\/damas.laiglesiadelacomunidad.com\/wp-content\/uploads\/2014\/06\/20140629-232215-84135829.jpg\"><img decoding=\"async\" src=\"http:\/\/damas.laiglesiadelacomunidad.com\/wp-content\/uploads\/2014\/06\/20140629-232215-84135829.jpg\" alt=\"20140629-232215-84135829.jpg\" class=\"alignnone size-full\" \/><\/a><\/p>\n<p><a href=\"http:\/\/damas.laiglesiadelacomunidad.com\/wp-content\/uploads\/2014\/06\/20140629-232216-84136041.jpg\"><img decoding=\"async\" src=\"http:\/\/damas.laiglesiadelacomunidad.com\/wp-content\/uploads\/2014\/06\/20140629-232216-84136041.jpg\" alt=\"20140629-232216-84136041.jpg\" class=\"alignnone size-full\" \/><\/a><\/p>\n<p><a href=\"http:\/\/damas.laiglesiadelacomunidad.com\/wp-content\/uploads\/2014\/06\/20140629-232215-84135615.jpg\"><img decoding=\"async\" src=\"http:\/\/damas.laiglesiadelacomunidad.com\/wp-content\/uploads\/2014\/06\/20140629-232215-84135615.jpg\" alt=\"20140629-232215-84135615.jpg\" class=\"alignnone size-full\" \/><\/a><\/p>\n<p><a href=\"http:\/\/damas.laiglesiadelacomunidad.com\/wp-content\/uploads\/2014\/06\/20140629-232216-84136250.jpg\"><img decoding=\"async\" src=\"http:\/\/damas.laiglesiadelacomunidad.com\/wp-content\/uploads\/2014\/06\/20140629-232216-84136250.jpg\" alt=\"20140629-232216-84136250.jpg\" class=\"alignnone size-full\" \/><\/a><\/p>\n<p><a href=\"http:\/\/damas.laiglesiadelacomunidad.com\/wp-content\/uploads\/2014\/06\/20140629-232216-84136718.jpg\"><img decoding=\"async\" src=\"http:\/\/damas.laiglesiadelacomunidad.com\/wp-content\/uploads\/2014\/06\/20140629-232216-84136718.jpg\" alt=\"20140629-232216-84136718.jpg\" class=\"alignnone size-full\" \/><\/a><\/p>\n<p><a href=\"http:\/\/damas.laiglesiadelacomunidad.com\/wp-content\/uploads\/2014\/06\/20140629-232216-84136464.jpg\"><img decoding=\"async\" src=\"http:\/\/damas.laiglesiadelacomunidad.com\/wp-content\/uploads\/2014\/06\/20140629-232216-84136464.jpg\" alt=\"20140629-232216-84136464.jpg\" class=\"alignnone size-full\" \/><\/a><\/p>\n","protected":false},"excerpt":{"rendered":"<p>No saben cuanto extra\u00f1e verlas, adorar a Dios en la congregaci\u00f3n y el mensaje, pero gracias a Kari pude verlas en fotos las cuales comparto con todas ustedes.<\/p>\n","protected":false},"author":2,"featured_media":0,"comment_status":"open","ping_status":"open","sticky":false,"template":"","format":"standard","meta":{"footnotes":""},"categories":[7],"tags":[],"_links":{"self":[{"href":"http:\/\/damas.laiglesiadelacomunidad.com\/index.php?rest_route=\/wp\/v2\/posts\/4366"}],"collection":[{"href":"http:\/\/damas.laiglesiadelacomunidad.com\/index.php?rest_route=\/wp\/v2\/posts"}],"about":[{"href":"http:\/\/damas.laiglesiadelacomunidad.com\/index.php?rest_route=\/wp\/v2\/types\/post"}],"author":[{"embeddable":true,"href":"http:\/\/damas.laiglesiadelacomunidad.com\/index.php?rest_route=\/wp\/v2\/users\/2"}],"replies":[{"embeddable":true,"href":"http:\/\/damas.laiglesiadelacomunidad.com\/index.php?rest_route=%2Fwp%2Fv2%2Fcomments&post=4366"}],"version-history":[{"count":1,"href":"http:\/\/damas.laiglesiadelacomunidad.com\/index.php?rest_route=\/wp\/v2\/posts\/4366\/revisions"}],"predecessor-version":[{"id":4367,"href":"http:\/\/damas.laiglesiadelacomunidad.com\/index.php?rest_route=\/wp\/v2\/posts\/4366\/revisions\/4367"}],"wp:attachment":[{"href":"http:\/\/damas.laiglesiadelacomunidad.com\/index.php?rest_route=%2Fwp%2Fv2%2Fmedia&parent=4366"}],"wp:term":[{"taxonomy":"category","embeddable":true,"href":"http:\/\/damas.laiglesiadelacomunidad.com\/index.php?rest_route=%2Fwp%2Fv2%2Fcategories&post=4366"},{"taxonomy":"post_tag","embeddable":true,"href":"http:\/\/damas.laiglesiadelacomunidad.com\/index.php?rest_route=%2Fwp%2Fv2%2Ftags&post=4366"}],"curies":[{"name":"wp","href":"https:\/\/api.w.org\/{rel}","templated":true}]}}