{"id":4349,"date":"2014-06-26T10:44:39","date_gmt":"2014-06-26T15:44:39","guid":{"rendered":"http:\/\/damas.laiglesiadelacomunidad.com\/?p=4349"},"modified":"2014-06-28T09:50:53","modified_gmt":"2014-06-28T14:50:53","slug":"una-vida-espiritual-sana","status":"publish","type":"post","link":"http:\/\/damas.laiglesiadelacomunidad.com\/?p=4349","title":{"rendered":"Una vida Esp\u00edritual SANA :)"},"content":{"rendered":"<p>Mateo 5:23-24<br \/>\nPor eso, si llevas al altar del templo una ofrenda para Dios, y all\u00ed te acuerdas de que alguien est\u00e1 enojado contigo, deja la ofrenda delante del altar, ve de inmediato a reconciliarte con esa persona, y despu\u00e9s de eso regresa a presentar tu ofrenda a Dios.<\/p>\n<p><a href=\"http:\/\/damas.laiglesiadelacomunidad.com\/wp-content\/uploads\/2014\/06\/wpid-img_4383028732312.jpeg\"><img decoding=\"async\" class=\"alignnone size-full\" title=\"IMG_4383028732312.jpeg\" src=\"http:\/\/damas.laiglesiadelacomunidad.com\/wp-content\/uploads\/2014\/06\/wpid-img_4383028732312.jpeg\" alt=\"image\" \/><\/a><\/p>\n<p>Como vemos que importante es para Dios estar en PAZ con nuestros hermanos\/as, eso es escencial para un crecimiento esp\u00edritual sano:) Bendiciones&#8230;<\/p>\n","protected":false},"excerpt":{"rendered":"<p>Mateo 5:23-24 Por eso, si llevas al altar del templo una ofrenda para Dios, y all\u00ed te acuerdas de que alguien est\u00e1 enojado contigo, deja la ofrenda delante del altar, ve de inmediato a reconciliarte con esa persona, y despu\u00e9s de eso regresa a presentar tu ofrenda a Dios. Como vemos que importante es para &hellip; <a href=\"http:\/\/damas.laiglesiadelacomunidad.com\/?p=4349\" class=\"more-link\">Continue reading <span class=\"screen-reader-text\">Una vida Esp\u00edritual SANA \ud83d\ude42<\/span> <span class=\"meta-nav\">&rarr;<\/span><\/a><\/p>\n","protected":false},"author":3,"featured_media":0,"comment_status":"open","ping_status":"open","sticky":false,"template":"","format":"link","meta":{"footnotes":""},"categories":[1],"tags":[],"_links":{"self":[{"href":"http:\/\/damas.laiglesiadelacomunidad.com\/index.php?rest_route=\/wp\/v2\/posts\/4349"}],"collection":[{"href":"http:\/\/damas.laiglesiadelacomunidad.com\/index.php?rest_route=\/wp\/v2\/posts"}],"about":[{"href":"http:\/\/damas.laiglesiadelacomunidad.com\/index.php?rest_route=\/wp\/v2\/types\/post"}],"author":[{"embeddable":true,"href":"http:\/\/damas.laiglesiadelacomunidad.com\/index.php?rest_route=\/wp\/v2\/users\/3"}],"replies":[{"embeddable":true,"href":"http:\/\/damas.laiglesiadelacomunidad.com\/index.php?rest_route=%2Fwp%2Fv2%2Fcomments&post=4349"}],"version-history":[{"count":2,"href":"http:\/\/damas.laiglesiadelacomunidad.com\/index.php?rest_route=\/wp\/v2\/posts\/4349\/revisions"}],"predecessor-version":[{"id":4357,"href":"http:\/\/damas.laiglesiadelacomunidad.com\/index.php?rest_route=\/wp\/v2\/posts\/4349\/revisions\/4357"}],"wp:attachment":[{"href":"http:\/\/damas.laiglesiadelacomunidad.com\/index.php?rest_route=%2Fwp%2Fv2%2Fmedia&parent=4349"}],"wp:term":[{"taxonomy":"category","embeddable":true,"href":"http:\/\/damas.laiglesiadelacomunidad.com\/index.php?rest_route=%2Fwp%2Fv2%2Fcategories&post=4349"},{"taxonomy":"post_tag","embeddable":true,"href":"http:\/\/damas.laiglesiadelacomunidad.com\/index.php?rest_route=%2Fwp%2Fv2%2Ftags&post=4349"}],"curies":[{"name":"wp","href":"https:\/\/api.w.org\/{rel}","templated":true}]}}