{"id":4339,"date":"2014-06-25T22:06:50","date_gmt":"2014-06-26T03:06:50","guid":{"rendered":"http:\/\/damas.laiglesiadelacomunidad.com\/?p=4339"},"modified":"2014-06-26T00:36:29","modified_gmt":"2014-06-26T05:36:29","slug":"estudio-25-de-junio-2014","status":"publish","type":"post","link":"http:\/\/damas.laiglesiadelacomunidad.com\/?p=4339","title":{"rendered":"Estudio 25 de Junio 2014"},"content":{"rendered":"<p>Gracias a todas por haber venido, gracias por sus comentarios, que lindo es vivir en comunidad con ustedes, \u00a1como se aprende! \u00a1Gracias!<\/p>\n<p>Gracias a Dios por escuchar las oraciones por Raulito y demostrar de nuevo Su gracia, Su poder, Su grandeza y su bondad.<\/p>\n<p>Hoy hablamos de nuestra misi\u00f3n, de nuestra raz\u00f3n de existir como hijas de Dios, muchas veces nos confundimos y pensamos que es la misi\u00f3n de otros cuidarme a mi, porque me lo merezco y hago las cosas &#8220;como Dios las pide&#8221; pero no es as\u00ed, si hacemos las cosas que Dios nos pide tenemos que ser m\u00e1s como Jes\u00fas y eso es hasta dar la vida por la salvaci\u00f3n de otros y no importa quienes son los otros, no importa que sea mi esposo no cristiano o la prostituta de la esquina, tenemos que sacrificarnos por ellos.<\/p>\n<p><strong>Todos los cobradores de impuestos y pecadores se acercaban a Jes\u00fas para escucharlo. Los fariseos y los escribas comenzaron a murmurar, y dec\u00edan: \u00ab\u00c9ste recibe a los pecadores, y come con ellos.\u00bb<\/strong><\/p>\n<p>Jes\u00fas dijo tambi\u00e9n:<span style=\"color: #800000;\"><strong> \u00abUn hombre ten\u00eda dos hijos, y el menor de ellos le dijo a su padre: \u201cPadre, dame la parte de los bienes que me corresponde.\u201d Entonces el padre les reparti\u00f3 los bienes. Unos d\u00edas despu\u00e9s, el hijo menor junt\u00f3 todas sus cosas y se fue lejos, a una provincia apartada, y all\u00ed dilapid\u00f3 sus bienes llevando una vida disipada. Cuando ya lo hab\u00eda malgastado todo, sobrevino una gran hambruna en aquella provincia, y comenz\u00f3 a pasar necesidad. Se acerc\u00f3 entonces a uno de los ciudadanos de aquella tierra, quien lo mand\u00f3 a sus campos para cuidar de los cerdos. Y aunque deseaba llenarse el est\u00f3mago con las algarrobas que com\u00edan los cerdos, nadie se las daba. Finalmente, recapacit\u00f3 y dijo: \u201c\u00a1Cu\u00e1ntos jornaleros en la casa de mi padre tienen pan en abundancia, y yo aqu\u00ed me estoy muriendo de hambre! Pero voy a levantarme, e ir\u00e9 con mi padre, y le dir\u00e9: \u2018Padre, he pecado contra el cielo y contra ti, y no soy digno ya de ser llamado tu hijo; \u00a1hazme como a uno de tus jornaleros!\u2019\u201d Y as\u00ed, se levant\u00f3 y regres\u00f3 con su padre. Todav\u00eda estaba lejos cuando su padre lo vio y tuvo compasi\u00f3n de \u00e9l. Corri\u00f3 entonces, se ech\u00f3 sobre su cuello, y lo bes\u00f3. Y el hijo le dijo: \u201cPadre, he pecado contra el cielo y contra ti, y no soy digno ya de ser llamado tu hijo.\u201d Pero el padre les dijo a sus siervos: \u201cTraigan la mejor ropa, y v\u00edstanlo. P\u00f3nganle tambi\u00e9n un anillo en su mano, y calzado en sus pies. Vayan luego a buscar el becerro gordo, y m\u00e1tenlo; y comamos y hagamos fiesta, porque este hijo m\u00edo estaba muerto, y ha revivido; se hab\u00eda perdido, y lo hemos hallado.\u201d Y comenzaron a regocijarse. \u00bbEl hijo mayor estaba en el campo, y cuando regres\u00f3 y lleg\u00f3 cerca de la casa, oy\u00f3 la m\u00fasica y las danzas. Entonces llam\u00f3 a uno de los criados, y le pregunt\u00f3 qu\u00e9 estaba pasando. El criado le respondi\u00f3: \u201cTu hermano ha vuelto, y tu padre ha ordenado matar el becerro gordo, porque lo ha recibido sano y salvo.\u201d Cuando el hermano mayor escuch\u00f3 esto, se enoj\u00f3 tanto que no quer\u00eda entrar. As\u00ed que su padre sali\u00f3 a rogarle que entrara. Pero el hijo mayor le dijo a su padre: \u201cAunque llevo tantos a\u00f1os de servirte, y nunca te he desobedecido, t\u00fa nunca me has dado siquiera un cabrito para disfrutar con mis amigos. Pero ahora viene este hijo tuyo, que ha malgastado tus bienes con rameras, \u00a1y has ordenado matar el becerro gordo para \u00e9l!\u201d El padre le dijo: \u201cHijo m\u00edo, t\u00fa siempre est\u00e1s conmigo, y todo lo que tengo es tuyo. Pero era necesario hacer una fiesta y regocijarnos, porque tu hermano estaba muerto, y ha revivido; se hab\u00eda perdido, y lo hemos hallado.\u201d\u00bb <\/strong><\/span>(San Lucas 15:1, 2, 11-32 RVC)<\/p>\n<p>Se\u00f1or te pedimos que nos ayudes a ser m\u00e1s como Tu y menos como el hijo mayor, te lo pedimos en nombre de tu hijo amado. Am\u00e9n<\/p>\n<p>Que pasen un buen resto de semana<\/p>\n<p>Jackie C.<\/p>\n<p><a href=\"http:\/\/damas.laiglesiadelacomunidad.com\/wp-content\/uploads\/2014\/01\/20140121-135236.jpg\"><img loading=\"lazy\" decoding=\"async\" class=\"alignnone size-full wp-image-2298\" src=\"http:\/\/damas.laiglesiadelacomunidad.com\/wp-content\/uploads\/2014\/01\/20140121-135236.jpg\" alt=\"20140121-135236.jpg\" width=\"720\" height=\"480\" srcset=\"http:\/\/damas.laiglesiadelacomunidad.com\/wp-content\/uploads\/2014\/01\/20140121-135236.jpg 720w, http:\/\/damas.laiglesiadelacomunidad.com\/wp-content\/uploads\/2014\/01\/20140121-135236-300x200.jpg 300w\" sizes=\"(max-width: 720px) 100vw, 720px\" \/><\/a><\/p>\n","protected":false},"excerpt":{"rendered":"<p>Gracias a todas por haber venido, gracias por sus comentarios, que lindo es vivir en comunidad con ustedes, \u00a1como se aprende! \u00a1Gracias! Gracias a Dios por escuchar las oraciones por Raulito y demostrar de nuevo Su gracia, Su poder, Su grandeza y su bondad. Hoy hablamos de nuestra misi\u00f3n, de nuestra raz\u00f3n de existir como &hellip; <a href=\"http:\/\/damas.laiglesiadelacomunidad.com\/?p=4339\" class=\"more-link\">Continue reading <span class=\"screen-reader-text\">Estudio 25 de Junio 2014<\/span> <span class=\"meta-nav\">&rarr;<\/span><\/a><\/p>\n","protected":false},"author":2,"featured_media":0,"comment_status":"open","ping_status":"open","sticky":false,"template":"","format":"chat","meta":{"footnotes":""},"categories":[6],"tags":[],"_links":{"self":[{"href":"http:\/\/damas.laiglesiadelacomunidad.com\/index.php?rest_route=\/wp\/v2\/posts\/4339"}],"collection":[{"href":"http:\/\/damas.laiglesiadelacomunidad.com\/index.php?rest_route=\/wp\/v2\/posts"}],"about":[{"href":"http:\/\/damas.laiglesiadelacomunidad.com\/index.php?rest_route=\/wp\/v2\/types\/post"}],"author":[{"embeddable":true,"href":"http:\/\/damas.laiglesiadelacomunidad.com\/index.php?rest_route=\/wp\/v2\/users\/2"}],"replies":[{"embeddable":true,"href":"http:\/\/damas.laiglesiadelacomunidad.com\/index.php?rest_route=%2Fwp%2Fv2%2Fcomments&post=4339"}],"version-history":[{"count":5,"href":"http:\/\/damas.laiglesiadelacomunidad.com\/index.php?rest_route=\/wp\/v2\/posts\/4339\/revisions"}],"predecessor-version":[{"id":4344,"href":"http:\/\/damas.laiglesiadelacomunidad.com\/index.php?rest_route=\/wp\/v2\/posts\/4339\/revisions\/4344"}],"wp:attachment":[{"href":"http:\/\/damas.laiglesiadelacomunidad.com\/index.php?rest_route=%2Fwp%2Fv2%2Fmedia&parent=4339"}],"wp:term":[{"taxonomy":"category","embeddable":true,"href":"http:\/\/damas.laiglesiadelacomunidad.com\/index.php?rest_route=%2Fwp%2Fv2%2Fcategories&post=4339"},{"taxonomy":"post_tag","embeddable":true,"href":"http:\/\/damas.laiglesiadelacomunidad.com\/index.php?rest_route=%2Fwp%2Fv2%2Ftags&post=4339"}],"curies":[{"name":"wp","href":"https:\/\/api.w.org\/{rel}","templated":true}]}}