{"id":4287,"date":"2014-06-21T19:01:13","date_gmt":"2014-06-22T00:01:13","guid":{"rendered":"http:\/\/damas.laiglesiadelacomunidad.com\/?p=4287"},"modified":"2014-06-21T19:01:14","modified_gmt":"2014-06-22T00:01:14","slug":"ayuno-de-damas-6","status":"publish","type":"post","link":"http:\/\/damas.laiglesiadelacomunidad.com\/?p=4287","title":{"rendered":"Ayuno de Damas"},"content":{"rendered":"<p>Gracias a todas por su participaci\u00f3n en esta actividad, es lindo ver como estas actividades nos hacen crecer espiritualmente y en hermandad.<\/p>\n<p>Gracias Lizzy por abrir tu casa y gracias Chely por escoger la lecturas, que buenas palabras de exhortaci\u00f3n, que hoy en d\u00eda aplican a nosotras. <\/p>\n<p> <strong>Recu\u00e9rdales esto, y exh\u00f3rtalos ante el Se\u00f1or a no contender acerca de palabras, que para nada aprovecha y que s\u00f3lo lleva a la perdici\u00f3n de los que escuchan. Procura con diligencia presentarte ante Dios aprobado, como obrero que no tiene de qu\u00e9 avergonzarse y que usa bien la palabra de verdad. Pero evita las palabrer\u00edas vanas y profanas, porque m\u00e1s y m\u00e1s conducen a la impiedad<\/strong><\/p>\n<p><strong>Huye tambi\u00e9n de las pasiones juveniles, y sigue la justicia, la fe, el amor y la paz, junto con aquellos que con un coraz\u00f3n limpio invocan al Se\u00f1or. Pero desecha las cuestiones necias e insensatas; t\u00fa sabes que generan contiendas. Y el siervo del Se\u00f1or no debe ser contencioso, sino amable para con todos, apto para ense\u00f1ar, sufrido; que corrija con mansedumbre a los que se oponen, por si acaso Dios les concede arrepentirse para que conozcan la verdad y escapen del lazo del diablo, en el cual se hallan cautivos y sujetos a su voluntad. <\/strong> 2Timoteo 2:14-16, 22-26 RVC)<\/p>\n<p>Se\u00f1or te damos gracias por esta comunidad y te pedimos que nos hagas crecer en fe, amor y todos los frutos del Esp\u00edritu, am\u00e9n <\/p>\n<p>Las quiero mucho y de nuevo gracias a todas.<\/p>\n<p>Jackie C.<\/p>\n","protected":false},"excerpt":{"rendered":"<p>Gracias a todas por su participaci\u00f3n en esta actividad, es lindo ver como estas actividades nos hacen crecer espiritualmente y en hermandad. Gracias Lizzy por abrir tu casa y gracias Chely por escoger la lecturas, que buenas palabras de exhortaci\u00f3n, que hoy en d\u00eda aplican a nosotras. Recu\u00e9rdales esto, y exh\u00f3rtalos ante el Se\u00f1or a &hellip; <a href=\"http:\/\/damas.laiglesiadelacomunidad.com\/?p=4287\" class=\"more-link\">Continue reading <span class=\"screen-reader-text\">Ayuno de Damas<\/span> <span class=\"meta-nav\">&rarr;<\/span><\/a><\/p>\n","protected":false},"author":2,"featured_media":0,"comment_status":"open","ping_status":"open","sticky":false,"template":"","format":"chat","meta":{"footnotes":""},"categories":[7],"tags":[],"_links":{"self":[{"href":"http:\/\/damas.laiglesiadelacomunidad.com\/index.php?rest_route=\/wp\/v2\/posts\/4287"}],"collection":[{"href":"http:\/\/damas.laiglesiadelacomunidad.com\/index.php?rest_route=\/wp\/v2\/posts"}],"about":[{"href":"http:\/\/damas.laiglesiadelacomunidad.com\/index.php?rest_route=\/wp\/v2\/types\/post"}],"author":[{"embeddable":true,"href":"http:\/\/damas.laiglesiadelacomunidad.com\/index.php?rest_route=\/wp\/v2\/users\/2"}],"replies":[{"embeddable":true,"href":"http:\/\/damas.laiglesiadelacomunidad.com\/index.php?rest_route=%2Fwp%2Fv2%2Fcomments&post=4287"}],"version-history":[{"count":1,"href":"http:\/\/damas.laiglesiadelacomunidad.com\/index.php?rest_route=\/wp\/v2\/posts\/4287\/revisions"}],"predecessor-version":[{"id":4288,"href":"http:\/\/damas.laiglesiadelacomunidad.com\/index.php?rest_route=\/wp\/v2\/posts\/4287\/revisions\/4288"}],"wp:attachment":[{"href":"http:\/\/damas.laiglesiadelacomunidad.com\/index.php?rest_route=%2Fwp%2Fv2%2Fmedia&parent=4287"}],"wp:term":[{"taxonomy":"category","embeddable":true,"href":"http:\/\/damas.laiglesiadelacomunidad.com\/index.php?rest_route=%2Fwp%2Fv2%2Fcategories&post=4287"},{"taxonomy":"post_tag","embeddable":true,"href":"http:\/\/damas.laiglesiadelacomunidad.com\/index.php?rest_route=%2Fwp%2Fv2%2Ftags&post=4287"}],"curies":[{"name":"wp","href":"https:\/\/api.w.org\/{rel}","templated":true}]}}