{"id":4264,"date":"2014-06-18T23:37:24","date_gmt":"2014-06-19T04:37:24","guid":{"rendered":"http:\/\/damas.laiglesiadelacomunidad.com\/?p=4264"},"modified":"2014-06-20T21:22:41","modified_gmt":"2014-06-21T02:22:41","slug":"oraciones-para-el-dia-de-oracion-y-ayuno","status":"publish","type":"post","link":"http:\/\/damas.laiglesiadelacomunidad.com\/?p=4264","title":{"rendered":"Oraciones para el dia de oraci\u00f3n y ayuno"},"content":{"rendered":"<p>Ana; orar por su familia, hijos, esposo y trabajo, para que Dios \u00a0le guie en su camino y su decisiones, que siga en el camino de Dios a pesar de las luchas y pruebas.<\/p>\n<p>Yudis; Por su primo, por Marina y sus enfermedades, por Rosi y su entrevista en migraci\u00f3n y por que Dios siga bendiciendo \u00e9sta iglesia.<\/p>\n<p>Chely; por las mujeres de la iglesia que podamos ser un buen testimonio y hablar del evangelio a las dem\u00e1s ( que Dios nos de sabidur\u00eda), Que Dios nos de el deseo de tener una relaci\u00f3n m\u00e1s cercana con \u00e9l.<\/p>\n<p>Kary; Por la iglesia y sus miembros, su esposo e hijos, gracias por las salud de Raulito. Por Albita y Bryner y la esposa del hermano de Albita. Por que tengamos un coraz\u00f3n blando a los demas, por la seguridad en nuestros paices.<\/p>\n<p>Alba; Por su familia en Guatemala, por la familia de Bryner, por sus hijos, esposo y por ella, por el viaje de regreso de Robersy.<\/p>\n<p>Lizzy; Por los estudios, por su esposo e hijos, por la salud de su mam\u00e1 que esta enfermita, por todas nosotras que estemos juntas y en un proposito. Por Obdulia, Hector. Por Violeta que sale para Guatemala que Dios la cuide y regrese con bien.<\/p>\n<p>Belinda; Por que Dios de m\u00e1s sabiduria para escoger la mejor decisi\u00f3n por su mudanza. Que encuentren un lugar indicado que Dios escoja para vivir en Julio, cerca de las escuelas en el lado del sur. Por el trabajo de su esposo que Dios le d\u00e9 sabiduria para que sy zona de trabajo este bien, POr el ex\u00e1men medico de su esposo en julio salga bien, por la salud de la familia.<\/p>\n<p>Jackie, Gracias Se\u00f1or por \u00e9sta obra y por todo el trabajo que nos has confiado, te pedimos que sigas bendiciendo \u00e9sta obra, que sigas llenando de sabiduria a Felipe para que siga guiandonos no solo a nosotros sino a las iglesias de donde le han pedido que sea su gu\u00eda, que lo llenes de tu esp\u00edritu y de tu amor, lo mismo te pido por cada uno de los que participamos en \u00e9sta obra, que nos ense\u00f1es a ser fieles, a ser sumisas, nos llenes de sabiduria y de unidad en tu esp\u00edritu, que nos apartes de mal, protejas nuestros corazones de ser endurecidos y que nuestra fe no falte.<\/p>\n<p>Por todas las personas que se han apartado de ti, \u00a0y las que estan siendo tentadas a apartarse, que tu las hagas volver a tu lado. Por las personas que estan pensado en tomar su decisi\u00f3n de entregarse a ti, que tu Espiritu Santo les de convicci\u00f3n.<\/p>\n<p>Por Raulito te damos gracias y te pedimos que lo sigas ayudando a crecer fuerte y cerca de ti.<\/p>\n<p>Por todas las peticiones del grupo del jueves.<\/p>\n<p>Sabina; por la familia L\u00f3pez que el Se\u00f1or nos ayude a conocerle m\u00e1s.<\/p>\n<p>Todo te lo pedimos en nombre de Jesucristo nuestro Se\u00f1or , Am\u00e9n<\/p>\n","protected":false},"excerpt":{"rendered":"<p>Ana; orar por su familia, hijos, esposo y trabajo, para que Dios \u00a0le guie en su camino y su decisiones, que siga en el camino de Dios a pesar de las luchas y pruebas. Yudis; Por su primo, por Marina y sus enfermedades, por Rosi y su entrevista en migraci\u00f3n y por que Dios siga &hellip; <a href=\"http:\/\/damas.laiglesiadelacomunidad.com\/?p=4264\" class=\"more-link\">Continue reading <span class=\"screen-reader-text\">Oraciones para el dia de oraci\u00f3n y ayuno<\/span> <span class=\"meta-nav\">&rarr;<\/span><\/a><\/p>\n","protected":false},"author":2,"featured_media":0,"comment_status":"open","ping_status":"open","sticky":false,"template":"","format":"link","meta":{"footnotes":""},"categories":[20],"tags":[],"_links":{"self":[{"href":"http:\/\/damas.laiglesiadelacomunidad.com\/index.php?rest_route=\/wp\/v2\/posts\/4264"}],"collection":[{"href":"http:\/\/damas.laiglesiadelacomunidad.com\/index.php?rest_route=\/wp\/v2\/posts"}],"about":[{"href":"http:\/\/damas.laiglesiadelacomunidad.com\/index.php?rest_route=\/wp\/v2\/types\/post"}],"author":[{"embeddable":true,"href":"http:\/\/damas.laiglesiadelacomunidad.com\/index.php?rest_route=\/wp\/v2\/users\/2"}],"replies":[{"embeddable":true,"href":"http:\/\/damas.laiglesiadelacomunidad.com\/index.php?rest_route=%2Fwp%2Fv2%2Fcomments&post=4264"}],"version-history":[{"count":6,"href":"http:\/\/damas.laiglesiadelacomunidad.com\/index.php?rest_route=\/wp\/v2\/posts\/4264\/revisions"}],"predecessor-version":[{"id":4286,"href":"http:\/\/damas.laiglesiadelacomunidad.com\/index.php?rest_route=\/wp\/v2\/posts\/4264\/revisions\/4286"}],"wp:attachment":[{"href":"http:\/\/damas.laiglesiadelacomunidad.com\/index.php?rest_route=%2Fwp%2Fv2%2Fmedia&parent=4264"}],"wp:term":[{"taxonomy":"category","embeddable":true,"href":"http:\/\/damas.laiglesiadelacomunidad.com\/index.php?rest_route=%2Fwp%2Fv2%2Fcategories&post=4264"},{"taxonomy":"post_tag","embeddable":true,"href":"http:\/\/damas.laiglesiadelacomunidad.com\/index.php?rest_route=%2Fwp%2Fv2%2Ftags&post=4264"}],"curies":[{"name":"wp","href":"https:\/\/api.w.org\/{rel}","templated":true}]}}