{"id":4262,"date":"2014-06-18T00:14:12","date_gmt":"2014-06-18T05:14:12","guid":{"rendered":"http:\/\/damas.laiglesiadelacomunidad.com\/?p=4262"},"modified":"2014-06-18T00:14:12","modified_gmt":"2014-06-18T05:14:12","slug":"versiculos-para-meditar-24","status":"publish","type":"post","link":"http:\/\/damas.laiglesiadelacomunidad.com\/?p=4262","title":{"rendered":"Vers\u00edculos para Meditar"},"content":{"rendered":"<p>Dios es nuestro amparo y fortaleza, nuestro pronto auxilio en todos los problemas. Por eso no tenemos ning\u00fan temor. Aunque la tierra se estremezca, y los montes se hundan en el fondo del mar; aunque sus aguas bramen y se agiten, y los montes tiemblen ante su furia.<\/p>\n<p>\u00a1Con nosotros est\u00e1 el Se\u00f1or de los ej\u00e9rcitos! \u00a1Nuestro refugio es el Dios de Jacob! (Salmos 46:1-3, 11 RVC)<\/p>\n","protected":false},"excerpt":{"rendered":"<p>Dios es nuestro amparo y fortaleza, nuestro pronto auxilio en todos los problemas. Por eso no tenemos ning\u00fan temor. Aunque la tierra se estremezca, y los montes se hundan en el fondo del mar; aunque sus aguas bramen y se agiten, y los montes tiemblen ante su furia. \u00a1Con nosotros est\u00e1 el Se\u00f1or de los &hellip; <a href=\"http:\/\/damas.laiglesiadelacomunidad.com\/?p=4262\" class=\"more-link\">Continue reading <span class=\"screen-reader-text\">Vers\u00edculos para Meditar<\/span> <span class=\"meta-nav\">&rarr;<\/span><\/a><\/p>\n","protected":false},"author":2,"featured_media":0,"comment_status":"open","ping_status":"open","sticky":false,"template":"","format":"link","meta":{"footnotes":""},"categories":[5],"tags":[],"_links":{"self":[{"href":"http:\/\/damas.laiglesiadelacomunidad.com\/index.php?rest_route=\/wp\/v2\/posts\/4262"}],"collection":[{"href":"http:\/\/damas.laiglesiadelacomunidad.com\/index.php?rest_route=\/wp\/v2\/posts"}],"about":[{"href":"http:\/\/damas.laiglesiadelacomunidad.com\/index.php?rest_route=\/wp\/v2\/types\/post"}],"author":[{"embeddable":true,"href":"http:\/\/damas.laiglesiadelacomunidad.com\/index.php?rest_route=\/wp\/v2\/users\/2"}],"replies":[{"embeddable":true,"href":"http:\/\/damas.laiglesiadelacomunidad.com\/index.php?rest_route=%2Fwp%2Fv2%2Fcomments&post=4262"}],"version-history":[{"count":1,"href":"http:\/\/damas.laiglesiadelacomunidad.com\/index.php?rest_route=\/wp\/v2\/posts\/4262\/revisions"}],"predecessor-version":[{"id":4263,"href":"http:\/\/damas.laiglesiadelacomunidad.com\/index.php?rest_route=\/wp\/v2\/posts\/4262\/revisions\/4263"}],"wp:attachment":[{"href":"http:\/\/damas.laiglesiadelacomunidad.com\/index.php?rest_route=%2Fwp%2Fv2%2Fmedia&parent=4262"}],"wp:term":[{"taxonomy":"category","embeddable":true,"href":"http:\/\/damas.laiglesiadelacomunidad.com\/index.php?rest_route=%2Fwp%2Fv2%2Fcategories&post=4262"},{"taxonomy":"post_tag","embeddable":true,"href":"http:\/\/damas.laiglesiadelacomunidad.com\/index.php?rest_route=%2Fwp%2Fv2%2Ftags&post=4262"}],"curies":[{"name":"wp","href":"https:\/\/api.w.org\/{rel}","templated":true}]}}