{"id":4237,"date":"2014-06-15T23:03:05","date_gmt":"2014-06-16T04:03:05","guid":{"rendered":"http:\/\/damas.laiglesiadelacomunidad.com\/?p=4237"},"modified":"2014-06-15T23:17:37","modified_gmt":"2014-06-16T04:17:37","slug":"reunion-15-de-junio-2014","status":"publish","type":"post","link":"http:\/\/damas.laiglesiadelacomunidad.com\/?p=4237","title":{"rendered":"Reuni\u00f3n 15 de Junio 2014"},"content":{"rendered":"<h6>Reuni\u00f3n 15 de Junio 2014<\/h6>\n<p>Gracias a Dios por tan linda noche, gracias por Felipe por tan excelente mensaje, gracias a todos los que colaboaron en crear el ambiente para que la iglesia se reuniera. \u00a1 Feliz d\u00eda del Padre!<\/p>\n<p>Hoy tocamos un tema relacionado a los padres, espec\u00edficamente hombres, \u00a0la idea grande de hoy fue <strong>&#8220;<\/strong><strong>El padre humano debe guiar a sus hijos al Padre verdadero&#8221;<\/strong>ya el d\u00eda de la madre recibimos palabras de \u00e1nimo y de exortanci\u00f3n, pero lo que hoy vimos aunque era dirigido a los hombres tambi\u00e9n nos llena de \u00e1nimo y exortaci\u00f3n a la mujeres, ya que algunas de nosotras han sido o son madres solteras que tienen que ser madre y padre para sus hijos, o para las que tienen que ser el lider esp\u00edritual en su casa por no tener un esposo que siga a Jes\u00fas. La Biblia habla de como los padres son los responsables de ense\u00f1ar y guiar a sus hijos a Jes\u00fas, de ense\u00f1arles a amar a Dios con toda su alma, su mente y su coraz\u00f3n, Dios nos ha dado ese gran privilegio de ser madres, para las que tenemos ni\u00f1os peque\u00f1os no desperdiciemos nuestro tiempo y \u00a0continuemos o empecemos a ense\u00f1ales a nuestros ni\u00f1os a poner a Dios en el centro de su coraz\u00f3n, para las que tienen hijos mayores nunca es tarde evangelisenlos y continuen ese trabajo no se cansen de hacerlo y para las que ya son abuelas, ense\u00f1en a sus nietos a amar a nuestro Se\u00f1or.<\/p>\n<p><em><span style=\"color: #ffff99;\"><span class=\"text Deut-4-9\">\u00bbPor lo tanto, ten cuidado. Ten mucho cuidado de no olvidar nada de todo lo que tus ojos han visto. Que no se aparten de tu coraz\u00f3n en ning\u00fan momento de tu vida. Al contrario, ens\u00e9\u00f1ales esto a tus hijos, y a los hijos de tus hijos.<\/span>\u00a0<span id=\"es-RVC-5015\" class=\"text Deut-4-10\">Aquel d\u00eda que estuviste delante del Se\u00f1or tu Dios en Horeb, el Se\u00f1or me dijo: \u201cRe\u00fane al pueblo, para que yo les haga o\u00edr mis palabras. Las aprender\u00e1n, para que me teman todos los d\u00edas que vivan sobre la tierra, y para que las ense\u00f1en a sus hijos.\u201d Deuteronomio 4:9-10<\/span><\/span><\/em><\/p>\n<p><em><span style=\"color: #ffff99;\"><span id=\"es-RVC-5091\" class=\"text Deut-6-4\"><span class=\"versenum\" style=\"font-weight: bold;\">\u00a0<\/span>\u00bbOye, Israel: el Se\u00f1or nuestro Dios, el Se\u00f1or es uno.<\/span>\u00a0<span id=\"es-RVC-5092\" class=\"text Deut-6-5\">Y amar\u00e1s al Se\u00f1or tu Dios con todo tu coraz\u00f3n, y con toda tu alma, y con todas tus fuerzas.<\/span>\u00a0<span id=\"es-RVC-5093\" class=\"text Deut-6-6\">Estas palabras que hoy te mando cumplir estar\u00e1n en tu coraz\u00f3n,<\/span>\u00a0<span id=\"es-RVC-5094\" class=\"text Deut-6-7\">y se las repetir\u00e1s a tus hijos, y hablar\u00e1s de ellas cuando est\u00e9s en tu casa, y cuando vayas por el camino, y cuando te acuestes y cuando te levantes. Deuteronomio 6:4-7<\/span><\/span><\/em><\/p>\n<p><em><span style=\"color: #ffff99;\"><span id=\"es-RVC-5227\" class=\"text Deut-11-18\"><span class=\"versenum\" style=\"font-weight: bold;\">\u00a0<\/span>\u00bbLleven estas palabras m\u00edas en su coraz\u00f3n y en su alma. \u00c1tenlas como se\u00f1al en su mano, y ll\u00e9venlas como frontales en medio de sus ojos.<\/span>\u00a0<span id=\"es-RVC-5228\" class=\"text Deut-11-19\">Ens\u00e9\u00f1enselas a sus hijos, y hablen de ellas cuando te encuentres descansando en tu casa, y cuando vayas por el camino, y cuando te acuestes, y cuando te levantes.<\/span>\u00a0<span id=\"es-RVC-5229\" class=\"text Deut-11-20\">Inscr\u00edbelas en los postes de tu casa, y en tus puertas,<\/span>\u00a0<span id=\"es-RVC-5230\" class=\"text Deut-11-21\">para que en la tierra que el Se\u00f1or jur\u00f3 dar a sus padres sean los d\u00edas de ustedes, y los de sus hijos, tan numerosos como los d\u00edas de los cielos sobre la tierra. Deuteronomio 11:18-21<\/span><\/span><\/em><\/p>\n<p>Gracias Se\u00f1or por los hombres que se reunen en nuestra iglesia, te pedimos que los llenes de tu esp\u00edritu y de sabidur\u00eda, para poder guiar a nuestros hijos, te lo pedimos en nombre de Jesucristo nuestro Se\u00f1or, am\u00e9n.<\/p>\n<p>Por favor sigan orando por Albita y Bryner y sus familias en Guatemala, por favor oren por Robersy que Dios la cuide y proteja en su viaje, sigamos orando por Raulito y las unas por las otras, Dios las bendiga.<\/p>\n<p>Jackie C.<\/p>\n<p><a href=\"http:\/\/damas.laiglesiadelacomunidad.com\/wp-content\/uploads\/2014\/06\/20140615-230551-83151087.jpg\"><img decoding=\"async\" class=\"alignnone size-full\" src=\"http:\/\/damas.laiglesiadelacomunidad.com\/wp-content\/uploads\/2014\/06\/20140615-230551-83151087.jpg\" alt=\"20140615-230551-83151087.jpg\" \/><\/a><\/p>\n<p><a href=\"http:\/\/damas.laiglesiadelacomunidad.com\/wp-content\/uploads\/2014\/06\/20140615-230550-83150854.jpg\"><img decoding=\"async\" class=\"alignnone size-full\" src=\"http:\/\/damas.laiglesiadelacomunidad.com\/wp-content\/uploads\/2014\/06\/20140615-230550-83150854.jpg\" alt=\"20140615-230550-83150854.jpg\" \/><\/a><\/p>\n<p><a href=\"http:\/\/damas.laiglesiadelacomunidad.com\/wp-content\/uploads\/2014\/06\/20140615-230551-83151301.jpg\"><img decoding=\"async\" class=\"alignnone size-full\" src=\"http:\/\/damas.laiglesiadelacomunidad.com\/wp-content\/uploads\/2014\/06\/20140615-230551-83151301.jpg\" alt=\"20140615-230551-83151301.jpg\" \/><\/a><\/p>\n<p><a href=\"http:\/\/damas.laiglesiadelacomunidad.com\/wp-content\/uploads\/2014\/06\/20140615-230551-83151515.jpg\"><img decoding=\"async\" class=\"alignnone size-full\" src=\"http:\/\/damas.laiglesiadelacomunidad.com\/wp-content\/uploads\/2014\/06\/20140615-230551-83151515.jpg\" alt=\"20140615-230551-83151515.jpg\" \/><\/a><\/p>\n<p><a href=\"http:\/\/damas.laiglesiadelacomunidad.com\/wp-content\/uploads\/2014\/06\/20140615-230551-83151957.jpg\"><img decoding=\"async\" class=\"alignnone size-full\" src=\"http:\/\/damas.laiglesiadelacomunidad.com\/wp-content\/uploads\/2014\/06\/20140615-230551-83151957.jpg\" alt=\"20140615-230551-83151957.jpg\" \/><\/a><\/p>\n<p><a href=\"http:\/\/damas.laiglesiadelacomunidad.com\/wp-content\/uploads\/2014\/06\/20140615-230551-83151732.jpg\"><img decoding=\"async\" class=\"alignnone size-full\" src=\"http:\/\/damas.laiglesiadelacomunidad.com\/wp-content\/uploads\/2014\/06\/20140615-230551-83151732.jpg\" alt=\"20140615-230551-83151732.jpg\" \/><\/a><\/p>\n<p><a href=\"http:\/\/damas.laiglesiadelacomunidad.com\/wp-content\/uploads\/2014\/06\/20140615-230552-83152409.jpg\"><img decoding=\"async\" class=\"alignnone size-full\" src=\"http:\/\/damas.laiglesiadelacomunidad.com\/wp-content\/uploads\/2014\/06\/20140615-230552-83152409.jpg\" alt=\"20140615-230552-83152409.jpg\" \/><\/a><\/p>\n<p><a href=\"http:\/\/damas.laiglesiadelacomunidad.com\/wp-content\/uploads\/2014\/06\/20140615-230552-83152646.jpg\"><img decoding=\"async\" class=\"alignnone size-full\" src=\"http:\/\/damas.laiglesiadelacomunidad.com\/wp-content\/uploads\/2014\/06\/20140615-230552-83152646.jpg\" alt=\"20140615-230552-83152646.jpg\" \/><\/a><\/p>\n<p><a href=\"http:\/\/damas.laiglesiadelacomunidad.com\/wp-content\/uploads\/2014\/06\/20140615-230552-83152180.jpg\"><img decoding=\"async\" class=\"alignnone size-full\" src=\"http:\/\/damas.laiglesiadelacomunidad.com\/wp-content\/uploads\/2014\/06\/20140615-230552-83152180.jpg\" alt=\"20140615-230552-83152180.jpg\" \/><\/a><\/p>\n<p><a href=\"http:\/\/damas.laiglesiadelacomunidad.com\/wp-content\/uploads\/2014\/06\/20140615-231531-83731243.jpg\"><img decoding=\"async\" class=\"alignnone size-full\" src=\"http:\/\/damas.laiglesiadelacomunidad.com\/wp-content\/uploads\/2014\/06\/20140615-231531-83731243.jpg\" alt=\"20140615-231531-83731243.jpg\" \/><\/a><\/p>\n<p><a href=\"http:\/\/damas.laiglesiadelacomunidad.com\/wp-content\/uploads\/2014\/06\/20140615-231548-83748735.jpg\"><img decoding=\"async\" class=\"alignnone size-full\" src=\"http:\/\/damas.laiglesiadelacomunidad.com\/wp-content\/uploads\/2014\/06\/20140615-231548-83748735.jpg\" alt=\"20140615-231548-83748735.jpg\" \/><\/a><\/p>\n","protected":false},"excerpt":{"rendered":"<p>Reuni\u00f3n 15 de Junio 2014 Gracias a Dios por tan linda noche, gracias por Felipe por tan excelente mensaje, gracias a todos los que colaboaron en crear el ambiente para que la iglesia se reuniera. \u00a1 Feliz d\u00eda del Padre! Hoy tocamos un tema relacionado a los padres, espec\u00edficamente hombres, \u00a0la idea grande de hoy &hellip; <a href=\"http:\/\/damas.laiglesiadelacomunidad.com\/?p=4237\" class=\"more-link\">Continue reading <span class=\"screen-reader-text\">Reuni\u00f3n 15 de Junio 2014<\/span> <span class=\"meta-nav\">&rarr;<\/span><\/a><\/p>\n","protected":false},"author":2,"featured_media":0,"comment_status":"open","ping_status":"open","sticky":false,"template":"","format":"quote","meta":{"footnotes":""},"categories":[7],"tags":[],"_links":{"self":[{"href":"http:\/\/damas.laiglesiadelacomunidad.com\/index.php?rest_route=\/wp\/v2\/posts\/4237"}],"collection":[{"href":"http:\/\/damas.laiglesiadelacomunidad.com\/index.php?rest_route=\/wp\/v2\/posts"}],"about":[{"href":"http:\/\/damas.laiglesiadelacomunidad.com\/index.php?rest_route=\/wp\/v2\/types\/post"}],"author":[{"embeddable":true,"href":"http:\/\/damas.laiglesiadelacomunidad.com\/index.php?rest_route=\/wp\/v2\/users\/2"}],"replies":[{"embeddable":true,"href":"http:\/\/damas.laiglesiadelacomunidad.com\/index.php?rest_route=%2Fwp%2Fv2%2Fcomments&post=4237"}],"version-history":[{"count":6,"href":"http:\/\/damas.laiglesiadelacomunidad.com\/index.php?rest_route=\/wp\/v2\/posts\/4237\/revisions"}],"predecessor-version":[{"id":4255,"href":"http:\/\/damas.laiglesiadelacomunidad.com\/index.php?rest_route=\/wp\/v2\/posts\/4237\/revisions\/4255"}],"wp:attachment":[{"href":"http:\/\/damas.laiglesiadelacomunidad.com\/index.php?rest_route=%2Fwp%2Fv2%2Fmedia&parent=4237"}],"wp:term":[{"taxonomy":"category","embeddable":true,"href":"http:\/\/damas.laiglesiadelacomunidad.com\/index.php?rest_route=%2Fwp%2Fv2%2Fcategories&post=4237"},{"taxonomy":"post_tag","embeddable":true,"href":"http:\/\/damas.laiglesiadelacomunidad.com\/index.php?rest_route=%2Fwp%2Fv2%2Ftags&post=4237"}],"curies":[{"name":"wp","href":"https:\/\/api.w.org\/{rel}","templated":true}]}}