{"id":4235,"date":"2014-06-14T11:05:42","date_gmt":"2014-06-14T16:05:42","guid":{"rendered":"http:\/\/damas.laiglesiadelacomunidad.com\/?p=4235"},"modified":"2014-06-14T11:05:42","modified_gmt":"2014-06-14T16:05:42","slug":"de-luto","status":"publish","type":"post","link":"http:\/\/damas.laiglesiadelacomunidad.com\/?p=4235","title":{"rendered":"De Luto"},"content":{"rendered":"<p><a href=\"http:\/\/damas.laiglesiadelacomunidad.com\/wp-content\/uploads\/2014\/06\/20140614-105913-39553667.jpg\"><img decoding=\"async\" src=\"http:\/\/damas.laiglesiadelacomunidad.com\/wp-content\/uploads\/2014\/06\/20140614-105913-39553667.jpg\" alt=\"20140614-105913-39553667.jpg\" class=\"alignnone size-full\" \/><\/a><br \/>\nAcompa\u00f1amos a Albita en su dolor por la p\u00e9rdida de su hermano, pedimos a Dios consuelo para ella y su familia.<br \/>\nGracias a todas por sus muestras de cari\u00f1o, Dios nos ha bendecido con una comunidad muy compasiva, las queremos mucho. Y en nombre de Albita much\u00edsimas gracias.<\/p>\n","protected":false},"excerpt":{"rendered":"<p>Acompa\u00f1amos a Albita en su dolor por la p\u00e9rdida de su hermano, pedimos a Dios consuelo para ella y su familia. Gracias a todas por sus muestras de cari\u00f1o, Dios nos ha bendecido con una comunidad muy compasiva, las queremos mucho. Y en nombre de Albita much\u00edsimas gracias.<\/p>\n","protected":false},"author":2,"featured_media":0,"comment_status":"open","ping_status":"open","sticky":false,"template":"","format":"standard","meta":{"footnotes":""},"categories":[1],"tags":[],"_links":{"self":[{"href":"http:\/\/damas.laiglesiadelacomunidad.com\/index.php?rest_route=\/wp\/v2\/posts\/4235"}],"collection":[{"href":"http:\/\/damas.laiglesiadelacomunidad.com\/index.php?rest_route=\/wp\/v2\/posts"}],"about":[{"href":"http:\/\/damas.laiglesiadelacomunidad.com\/index.php?rest_route=\/wp\/v2\/types\/post"}],"author":[{"embeddable":true,"href":"http:\/\/damas.laiglesiadelacomunidad.com\/index.php?rest_route=\/wp\/v2\/users\/2"}],"replies":[{"embeddable":true,"href":"http:\/\/damas.laiglesiadelacomunidad.com\/index.php?rest_route=%2Fwp%2Fv2%2Fcomments&post=4235"}],"version-history":[{"count":1,"href":"http:\/\/damas.laiglesiadelacomunidad.com\/index.php?rest_route=\/wp\/v2\/posts\/4235\/revisions"}],"predecessor-version":[{"id":4236,"href":"http:\/\/damas.laiglesiadelacomunidad.com\/index.php?rest_route=\/wp\/v2\/posts\/4235\/revisions\/4236"}],"wp:attachment":[{"href":"http:\/\/damas.laiglesiadelacomunidad.com\/index.php?rest_route=%2Fwp%2Fv2%2Fmedia&parent=4235"}],"wp:term":[{"taxonomy":"category","embeddable":true,"href":"http:\/\/damas.laiglesiadelacomunidad.com\/index.php?rest_route=%2Fwp%2Fv2%2Fcategories&post=4235"},{"taxonomy":"post_tag","embeddable":true,"href":"http:\/\/damas.laiglesiadelacomunidad.com\/index.php?rest_route=%2Fwp%2Fv2%2Ftags&post=4235"}],"curies":[{"name":"wp","href":"https:\/\/api.w.org\/{rel}","templated":true}]}}