{"id":4229,"date":"2014-06-13T08:46:54","date_gmt":"2014-06-13T13:46:54","guid":{"rendered":"http:\/\/damas.laiglesiadelacomunidad.com\/?p=4229"},"modified":"2014-06-13T08:46:54","modified_gmt":"2014-06-13T13:46:54","slug":"versiculos-para-meditar-23","status":"publish","type":"post","link":"http:\/\/damas.laiglesiadelacomunidad.com\/?p=4229","title":{"rendered":"Vers\u00edculos para Meditar"},"content":{"rendered":"<div class=\"m\" style=\"color: #444444;\"><span class=\"verse v9\" data-usfm=\"ISA.28.9\"><span class=\"content\">\u00bfA qui\u00e9n quieren ense\u00f1ar? \u00bfA qui\u00e9n le imparten revelaciones? \u00bfAcaso a los destetados, a los que han dejado el pecho?\u00a0<\/span><\/span>Pues salen con su ta-ta-ta, bla-bla-bla, pe-pe-pe, to-to-to.<\/div>\n<div class=\"m\" style=\"color: #444444;\"><span class=\"verse v11\" data-usfm=\"ISA.28.11\"><span class=\"content\">\u00a1Le hablan a este pueblo en lengua extra\u00f1a, en lengua de tartamudos!<\/span><\/span><\/div>\n<div class=\"p\" style=\"color: #444444;\"><span class=\"verse v12\" data-usfm=\"ISA.28.12\"><span class=\"content\">Dios les hab\u00eda dicho: \u00ab\u00c9ste es el reposo; hagan reposar a los cansados. \u00c9ste es el descanso.\u00bb\u00a0<\/span><\/span>Pero ellos no quisieron o\u00edr.\u00a0Por eso el Se\u00f1or tambi\u00e9n les dir\u00e1: ta-ta-ta, bla-bla-bla, pe-pe-pe, to-to-to, hasta que vayan y caigan de espaldas, y se rompan los huesos, y sean atrapados y llevados prisioneros. Isaias 28:9-13<\/div>\n","protected":false},"excerpt":{"rendered":"<p>\u00bfA qui\u00e9n quieren ense\u00f1ar? \u00bfA qui\u00e9n le imparten revelaciones? \u00bfAcaso a los destetados, a los que han dejado el pecho?\u00a0Pues salen con su ta-ta-ta, bla-bla-bla, pe-pe-pe, to-to-to. \u00a1Le hablan a este pueblo en lengua extra\u00f1a, en lengua de tartamudos! Dios les hab\u00eda dicho: \u00ab\u00c9ste es el reposo; hagan reposar a los cansados. \u00c9ste es el &hellip; <a href=\"http:\/\/damas.laiglesiadelacomunidad.com\/?p=4229\" class=\"more-link\">Continue reading <span class=\"screen-reader-text\">Vers\u00edculos para Meditar<\/span> <span class=\"meta-nav\">&rarr;<\/span><\/a><\/p>\n","protected":false},"author":2,"featured_media":0,"comment_status":"open","ping_status":"open","sticky":false,"template":"","format":"standard","meta":{"footnotes":""},"categories":[5],"tags":[],"_links":{"self":[{"href":"http:\/\/damas.laiglesiadelacomunidad.com\/index.php?rest_route=\/wp\/v2\/posts\/4229"}],"collection":[{"href":"http:\/\/damas.laiglesiadelacomunidad.com\/index.php?rest_route=\/wp\/v2\/posts"}],"about":[{"href":"http:\/\/damas.laiglesiadelacomunidad.com\/index.php?rest_route=\/wp\/v2\/types\/post"}],"author":[{"embeddable":true,"href":"http:\/\/damas.laiglesiadelacomunidad.com\/index.php?rest_route=\/wp\/v2\/users\/2"}],"replies":[{"embeddable":true,"href":"http:\/\/damas.laiglesiadelacomunidad.com\/index.php?rest_route=%2Fwp%2Fv2%2Fcomments&post=4229"}],"version-history":[{"count":1,"href":"http:\/\/damas.laiglesiadelacomunidad.com\/index.php?rest_route=\/wp\/v2\/posts\/4229\/revisions"}],"predecessor-version":[{"id":4230,"href":"http:\/\/damas.laiglesiadelacomunidad.com\/index.php?rest_route=\/wp\/v2\/posts\/4229\/revisions\/4230"}],"wp:attachment":[{"href":"http:\/\/damas.laiglesiadelacomunidad.com\/index.php?rest_route=%2Fwp%2Fv2%2Fmedia&parent=4229"}],"wp:term":[{"taxonomy":"category","embeddable":true,"href":"http:\/\/damas.laiglesiadelacomunidad.com\/index.php?rest_route=%2Fwp%2Fv2%2Fcategories&post=4229"},{"taxonomy":"post_tag","embeddable":true,"href":"http:\/\/damas.laiglesiadelacomunidad.com\/index.php?rest_route=%2Fwp%2Fv2%2Ftags&post=4229"}],"curies":[{"name":"wp","href":"https:\/\/api.w.org\/{rel}","templated":true}]}}