{"id":4177,"date":"2014-06-11T09:02:32","date_gmt":"2014-06-11T14:02:32","guid":{"rendered":"http:\/\/damas.laiglesiadelacomunidad.com\/?p=4177"},"modified":"2014-06-11T09:03:16","modified_gmt":"2014-06-11T14:03:16","slug":"versiculos-para-meditar-22","status":"publish","type":"post","link":"http:\/\/damas.laiglesiadelacomunidad.com\/?p=4177","title":{"rendered":"Vers\u00edculos para Meditar"},"content":{"rendered":"<p><strong><span class=\"text Matt-13-36\" style=\"color: #000000;\"><span class=\"versenum\">\u00a0<\/span>Luego de despedir a la gente, Jes\u00fas entr\u00f3 en la casa. Sus disc\u00edpulos se le acercaron y le dijeron: \u00abExpl\u00edcanos la par\u00e1bola de la ciza\u00f1a en el campo.\u00bb<\/span><span style=\"color: #000000;\">\u00a0<\/span><span id=\"es-RVC-23578\" class=\"text Matt-13-37\" style=\"color: #000000;\">\u00c9l les dijo: <span style=\"color: #ff0000;\">\u00abEl que siembra la buena semilla es el Hijo del Hombre.<\/span><\/span><span style=\"color: #ff0000;\">\u00a0<span id=\"es-RVC-23579\" class=\"text Matt-13-38\">El campo es el mundo, la buena semilla son los hijos del reino, y la ciza\u00f1a son los hijos del maligno.<\/span>\u00a0<span id=\"es-RVC-23580\" class=\"text Matt-13-39\">El enemigo que la sembr\u00f3 es el diablo, la cosecha es el fin del mundo, y los segadores son los \u00e1ngeles.<\/span>\u00a0<span id=\"es-RVC-23581\" class=\"text Matt-13-40\"><span class=\"versenum\">\u00a0<\/span>Y as\u00ed como se arranca la ciza\u00f1a y se quema en el fuego, as\u00ed tambi\u00e9n ser\u00e1 en el fin de este mundo.<\/span>\u00a0<span id=\"es-RVC-23582\" class=\"text Matt-13-41\"><span class=\"versenum\">\u00a0<\/span>El Hijo del Hombre enviar\u00e1 a sus \u00e1ngeles, y ellos recoger\u00e1n de su reino a todos los que sirven de tropiezo y a los que hacen lo malo,<\/span>\u00a0<span id=\"es-RVC-23583\" class=\"text Matt-13-42\">y los echar\u00e1n en el horno de fuego; all\u00ed habr\u00e1 llanto y rechinar de dientes.<\/span>\u00a0<\/span><\/strong><span id=\"es-RVC-23584\" class=\"text Matt-13-43\" style=\"color: #000000;\"><span style=\"color: #ff0000;\"><strong>Entonces, en el reino de su Padre los justos resplandecer\u00e1n como el sol. El que tenga o\u00eddos, que oiga.<\/strong><\/span> Mateo 13:36-43<\/span><\/p>\n","protected":false},"excerpt":{"rendered":"<p>\u00a0Luego de despedir a la gente, Jes\u00fas entr\u00f3 en la casa. Sus disc\u00edpulos se le acercaron y le dijeron: \u00abExpl\u00edcanos la par\u00e1bola de la ciza\u00f1a en el campo.\u00bb\u00a0\u00c9l les dijo: \u00abEl que siembra la buena semilla es el Hijo del Hombre.\u00a0El campo es el mundo, la buena semilla son los hijos del reino, y la &hellip; <a href=\"http:\/\/damas.laiglesiadelacomunidad.com\/?p=4177\" class=\"more-link\">Continue reading <span class=\"screen-reader-text\">Vers\u00edculos para Meditar<\/span> <span class=\"meta-nav\">&rarr;<\/span><\/a><\/p>\n","protected":false},"author":2,"featured_media":0,"comment_status":"open","ping_status":"open","sticky":false,"template":"","format":"standard","meta":{"footnotes":""},"categories":[5],"tags":[],"_links":{"self":[{"href":"http:\/\/damas.laiglesiadelacomunidad.com\/index.php?rest_route=\/wp\/v2\/posts\/4177"}],"collection":[{"href":"http:\/\/damas.laiglesiadelacomunidad.com\/index.php?rest_route=\/wp\/v2\/posts"}],"about":[{"href":"http:\/\/damas.laiglesiadelacomunidad.com\/index.php?rest_route=\/wp\/v2\/types\/post"}],"author":[{"embeddable":true,"href":"http:\/\/damas.laiglesiadelacomunidad.com\/index.php?rest_route=\/wp\/v2\/users\/2"}],"replies":[{"embeddable":true,"href":"http:\/\/damas.laiglesiadelacomunidad.com\/index.php?rest_route=%2Fwp%2Fv2%2Fcomments&post=4177"}],"version-history":[{"count":2,"href":"http:\/\/damas.laiglesiadelacomunidad.com\/index.php?rest_route=\/wp\/v2\/posts\/4177\/revisions"}],"predecessor-version":[{"id":4179,"href":"http:\/\/damas.laiglesiadelacomunidad.com\/index.php?rest_route=\/wp\/v2\/posts\/4177\/revisions\/4179"}],"wp:attachment":[{"href":"http:\/\/damas.laiglesiadelacomunidad.com\/index.php?rest_route=%2Fwp%2Fv2%2Fmedia&parent=4177"}],"wp:term":[{"taxonomy":"category","embeddable":true,"href":"http:\/\/damas.laiglesiadelacomunidad.com\/index.php?rest_route=%2Fwp%2Fv2%2Fcategories&post=4177"},{"taxonomy":"post_tag","embeddable":true,"href":"http:\/\/damas.laiglesiadelacomunidad.com\/index.php?rest_route=%2Fwp%2Fv2%2Ftags&post=4177"}],"curies":[{"name":"wp","href":"https:\/\/api.w.org\/{rel}","templated":true}]}}