{"id":4163,"date":"2014-06-10T10:22:58","date_gmt":"2014-06-10T15:22:58","guid":{"rendered":"http:\/\/damas.laiglesiadelacomunidad.com\/?p=4163"},"modified":"2014-06-10T10:23:18","modified_gmt":"2014-06-10T15:23:18","slug":"4163","status":"publish","type":"post","link":"http:\/\/damas.laiglesiadelacomunidad.com\/?p=4163","title":{"rendered":"Vers\u00edculos para Meditar"},"content":{"rendered":"<p><strong><span class=\"text Matt-13-24\" style=\"color: #000000;\">Jes\u00fas les cont\u00f3 otra par\u00e1bola:<span style=\"color: #ff0000;\"> \u00abEl reino de los cielos es semejante a un hombre que sembr\u00f3 buena semilla en su campo;<\/span><\/span><span style=\"color: #ff0000;\"><span id=\"es-RVC-23566\" class=\"text Matt-13-25\">pero, mientras dorm\u00edan los trabajadores, vino su enemigo y sembr\u00f3 ciza\u00f1a entre el trigo, y se fue.<\/span>\u00a0<span id=\"es-RVC-23567\" class=\"text Matt-13-26\">Cuando el trigo brot\u00f3 y dio fruto, apareci\u00f3 tambi\u00e9n la ciza\u00f1a.<\/span>\u00a0<span id=\"es-RVC-23568\" class=\"text Matt-13-27\">Entonces, los siervos fueron a preguntarle al due\u00f1o del terreno: \u201cSe\u00f1or, \u00bfacaso no sembraste buena semilla en tu campo? \u00bfDe d\u00f3nde sali\u00f3 la ciza\u00f1a?\u201d<\/span>\u00a0<span id=\"es-RVC-23569\" class=\"text Matt-13-28\">El due\u00f1o les dijo: \u201cEsto lo ha hecho un enemigo.\u201d Los siervos le preguntaron: \u201c\u00bfQuieres que vayamos y la arranquemos?\u201d<\/span>\u00a0<span id=\"es-RVC-23570\" class=\"text Matt-13-29\"><span class=\"versenum\">\u00a0<\/span>Y \u00e9l les respondi\u00f3: \u201cNo, porque al arrancar la ciza\u00f1a podr\u00edan tambi\u00e9n arrancar el trigo.<\/span>\u00a0<\/span><\/strong><span id=\"es-RVC-23571\" class=\"text Matt-13-30\" style=\"color: #000000;\"><span style=\"color: #ff0000;\"><strong>Dejen que crezcan lo uno y lo otro hasta la cosecha. Cuando llegue el momento de cosechar, yo les dir\u00e9 a los segadores que recojan primero la ciza\u00f1a y la aten en manojos, para quemarla, y que despu\u00e9s guarden el trigo en mi granero.\u201d\u00bb <\/strong><\/span>Mateo 13:24-30<\/span><\/p>\n","protected":false},"excerpt":{"rendered":"<p>Jes\u00fas les cont\u00f3 otra par\u00e1bola: \u00abEl reino de los cielos es semejante a un hombre que sembr\u00f3 buena semilla en su campo;pero, mientras dorm\u00edan los trabajadores, vino su enemigo y sembr\u00f3 ciza\u00f1a entre el trigo, y se fue.\u00a0Cuando el trigo brot\u00f3 y dio fruto, apareci\u00f3 tambi\u00e9n la ciza\u00f1a.\u00a0Entonces, los siervos fueron a preguntarle al due\u00f1o &hellip; <a href=\"http:\/\/damas.laiglesiadelacomunidad.com\/?p=4163\" class=\"more-link\">Continue reading <span class=\"screen-reader-text\">Vers\u00edculos para Meditar<\/span> <span class=\"meta-nav\">&rarr;<\/span><\/a><\/p>\n","protected":false},"author":2,"featured_media":0,"comment_status":"open","ping_status":"open","sticky":false,"template":"","format":"link","meta":{"footnotes":""},"categories":[1],"tags":[],"_links":{"self":[{"href":"http:\/\/damas.laiglesiadelacomunidad.com\/index.php?rest_route=\/wp\/v2\/posts\/4163"}],"collection":[{"href":"http:\/\/damas.laiglesiadelacomunidad.com\/index.php?rest_route=\/wp\/v2\/posts"}],"about":[{"href":"http:\/\/damas.laiglesiadelacomunidad.com\/index.php?rest_route=\/wp\/v2\/types\/post"}],"author":[{"embeddable":true,"href":"http:\/\/damas.laiglesiadelacomunidad.com\/index.php?rest_route=\/wp\/v2\/users\/2"}],"replies":[{"embeddable":true,"href":"http:\/\/damas.laiglesiadelacomunidad.com\/index.php?rest_route=%2Fwp%2Fv2%2Fcomments&post=4163"}],"version-history":[{"count":2,"href":"http:\/\/damas.laiglesiadelacomunidad.com\/index.php?rest_route=\/wp\/v2\/posts\/4163\/revisions"}],"predecessor-version":[{"id":4165,"href":"http:\/\/damas.laiglesiadelacomunidad.com\/index.php?rest_route=\/wp\/v2\/posts\/4163\/revisions\/4165"}],"wp:attachment":[{"href":"http:\/\/damas.laiglesiadelacomunidad.com\/index.php?rest_route=%2Fwp%2Fv2%2Fmedia&parent=4163"}],"wp:term":[{"taxonomy":"category","embeddable":true,"href":"http:\/\/damas.laiglesiadelacomunidad.com\/index.php?rest_route=%2Fwp%2Fv2%2Fcategories&post=4163"},{"taxonomy":"post_tag","embeddable":true,"href":"http:\/\/damas.laiglesiadelacomunidad.com\/index.php?rest_route=%2Fwp%2Fv2%2Ftags&post=4163"}],"curies":[{"name":"wp","href":"https:\/\/api.w.org\/{rel}","templated":true}]}}