{"id":4132,"date":"2014-06-08T22:47:17","date_gmt":"2014-06-09T03:47:17","guid":{"rendered":"http:\/\/damas.laiglesiadelacomunidad.com\/?p=4132"},"modified":"2014-06-10T00:01:15","modified_gmt":"2014-06-10T05:01:15","slug":"reunion-8-de-junio-2014","status":"publish","type":"post","link":"http:\/\/damas.laiglesiadelacomunidad.com\/?p=4132","title":{"rendered":"Reuni\u00f3n 8 de Junio 2014"},"content":{"rendered":"<p>Que linda y agradable noche, \u00a0Gracias Se\u00f1or por ser tan bueno en darnos un clima agradable, una buena pr\u00e1ctica y sobre todo que buen mensaje. Gracias a todas las personas que ayudaron con el caf\u00e9 y con preparar el lugar para poder hacer posible la reuni\u00f3n de hoy, se les agradece much\u00edsimo.<\/p>\n<p>Seguimos con la serie de G\u00e1latas, el tema de hoy fue: <strong>Trabajar con otros,\u00a0<\/strong>y la idea grande fue: <strong>&#8220;El de seguidor de Jes\u00fas se entrega para que otros sean como Cristo&#8221;\u00a0<\/strong>Pablo el gran apostol escogido por Jes\u00fas para predicar el evagelio a los gentiles, Pablo nos ense\u00f1a que trabajar para Jes\u00fas no es nada f\u00e1cil, \u00e9l sufriendo una enfermedad no le imposibilit\u00f3 hacer el trabajo para el cual Jes\u00fas lo escogi\u00f3, y ni el dolor de ver que a la gente a la cual \u00e9l hab\u00eda dedicado tiempo para ense\u00f1arles el evangelio estaban traicionando dicha ense\u00f1anza y estaban aceptando un evangelio falso de otros , esta situaci\u00f3n no le hizo &#8220;tirar la toalla&#8221; al contrario tuvo compasi\u00f3n por -imaginense- no solo una persona sino una iglesia y \u00e9l nos pide que sigamos a \u00e9l como \u00e9l sigui\u00f3 a Jes\u00fas. Qu\u00e9 gran ejemplo, \u00e9l no se lavo las manos y les di\u00f3 la espalda, sino que les confronto y les hablo la verdad en amor, para que se arrepintieran y ayudaran a otros a seguir a Jes\u00fas.<\/p>\n<p style=\"color: #000000;\"><em><strong><span class=\"text Gal-4-8\">Ciertamente, en otro tiempo, cuando ustedes no conoc\u00edan a Dios, serv\u00edan a los que por naturaleza no son dioses;<\/span>\u00a0<span id=\"es-RVC-29142\" class=\"text Gal-4-9\">pero ahora que conocen a Dios, o m\u00e1s bien, que Dios los conoce a ustedes, \u00bfc\u00f3mo es que han vuelto de nuevo a los d\u00e9biles y pobres rudimentos, a los cuales quieren volver a esclavizarse?<\/span>\u00a0<span id=\"es-RVC-29143\" class=\"text Gal-4-10\">Ustedes guardan los d\u00edas, los meses, los tiempos y los a\u00f1os.<\/span>\u00a0<span id=\"es-RVC-29144\" class=\"text Gal-4-11\">\u00a1Me temo que, con ustedes, yo he trabajado en vano!<\/span><\/strong><\/em><\/p>\n<p style=\"color: #000000;\"><em><strong><span id=\"es-RVC-29145\" class=\"text Gal-4-12\">Les ruego, hermanos, que se hagan como yo, porque yo tambi\u00e9n me he hecho como ustedes. Ning\u00fan agravio me han hecho.<\/span><span id=\"es-RVC-29146\" class=\"text Gal-4-13\">Bien saben ustedes que, debido a una enfermedad del cuerpo, les anunci\u00e9 el evangelio al principio,<\/span>\u00a0<span id=\"es-RVC-29147\" class=\"text Gal-4-14\">y ustedes no me despreciaron ni desecharon por la prueba que ten\u00eda en el cuerpo, sino que me recibieron como a un \u00e1ngel de Dios, como a Cristo Jes\u00fas.<\/span>\u00a0<span id=\"es-RVC-29148\" class=\"text Gal-4-15\">\u00bfD\u00f3nde, pues, est\u00e1 esa satisfacci\u00f3n que experimentaban? Yo doy testimonio de que, de haber podido, ustedes se habr\u00edan sacado sus propios ojos, para d\u00e1rmelos.<\/span>\u00a0<span id=\"es-RVC-29149\" class=\"text Gal-4-16\">\u00bfAcaso me he vuelto enemigo de ustedes, por decirles la verdad?<\/span>\u00a0<span id=\"es-RVC-29150\" class=\"text Gal-4-17\">Algunos muestran mucho inter\u00e9s por ustedes, pero no para bien, sino que quieren apartarlos de nosotros para que ustedes muestren inter\u00e9s por ellos.<\/span>\u00a0<span id=\"es-RVC-29151\" class=\"text Gal-4-18\">Qu\u00e9 bien que muestren inter\u00e9s en lo bueno siempre, y no s\u00f3lo cuando estoy presente con ustedes.<\/span>\u00a0<span id=\"es-RVC-29152\" class=\"text Gal-4-19\">Hijitos m\u00edos, por quienes vuelvo a sufrir dolores de parto, hasta que Cristo sea formado en ustedes,<\/span>\u00a0<span id=\"es-RVC-29153\" class=\"text Gal-4-20\">quisiera estar con ustedes ahora mismo y cambiar de tono, pues ustedes me tienen<\/span><\/strong><\/em><strong><span id=\"es-RVC-29153\" class=\"text Gal-4-20\"> perplejo.<\/span><\/strong><span id=\"es-RVC-29153\" class=\"text Gal-4-20\"> G\u00e1latas :8-20<\/span><\/p>\n<p style=\"color: #000000;\">Se\u00f1or te pedimos que Cristo se siga formando en nosotros, que nos des fuerzas, paciencia, y todos los frutos del Esp\u00edritu para que podamos hacer el trabajo que nos tienes preparado y ayudar a muchos no a ser miembros de \u00e9sta iglesia, sino a ser tus seguidores, tus hijos, te lo pedimos en nombre de Jesucristo nuestro Se\u00f1or. Am\u00e9n<\/p>\n<p style=\"color: #000000;\">Que tengan una buena semana, nos vemos el mi\u00e9rcoles para el estudio, el jueves en mi casa a las 6pm para comer y cocinar \ud83d\ude42 \u00a0no se olviden de ayunar, de orar por esta obra y \u00a0de orar la unas por la otras.<\/p>\n<p style=\"color: #000000;\">Las quiero mucho;<\/p>\n<p style=\"color: #000000;\">Jackie C.<\/p>\n<p><a href=\"http:\/\/damas.laiglesiadelacomunidad.com\/wp-content\/uploads\/2014\/06\/20140608-230512-83112516.jpg\"><img decoding=\"async\" class=\"alignnone size-full\" src=\"http:\/\/damas.laiglesiadelacomunidad.com\/wp-content\/uploads\/2014\/06\/20140608-230512-83112516.jpg\" alt=\"20140608-230512-83112516.jpg\" \/><\/a><\/p>\n<p><a href=\"http:\/\/damas.laiglesiadelacomunidad.com\/wp-content\/uploads\/2014\/06\/20140608-230512-83112032.jpg\"><img decoding=\"async\" class=\"alignnone size-full\" src=\"http:\/\/damas.laiglesiadelacomunidad.com\/wp-content\/uploads\/2014\/06\/20140608-230512-83112032.jpg\" alt=\"20140608-230512-83112032.jpg\" \/><\/a><\/p>\n<p><a href=\"http:\/\/damas.laiglesiadelacomunidad.com\/wp-content\/uploads\/2014\/06\/20140608-230512-83112725.jpg\"><img decoding=\"async\" class=\"alignnone size-full\" src=\"http:\/\/damas.laiglesiadelacomunidad.com\/wp-content\/uploads\/2014\/06\/20140608-230512-83112725.jpg\" alt=\"20140608-230512-83112725.jpg\" \/><\/a><\/p>\n<p><a href=\"http:\/\/damas.laiglesiadelacomunidad.com\/wp-content\/uploads\/2014\/06\/20140608-230512-83112290.jpg\"><img decoding=\"async\" class=\"alignnone size-full\" src=\"http:\/\/damas.laiglesiadelacomunidad.com\/wp-content\/uploads\/2014\/06\/20140608-230512-83112290.ljpg\" alt=\"20140608-230512-83112290.jpg\" \/><\/a><\/p>\n<p><a href=\"http:\/\/damas.laiglesiadelacomunidad.com\/wp-content\/uploads\/2014\/06\/20140608-230647-83207965.jpg\"><img decoding=\"async\" class=\"alignnone size-full\" src=\"http:\/\/damas.laiglesiadelacomunidad.com\/wp-content\/uploads\/2014\/06\/20140608-230647-83207965.jpg\" alt=\"20140608-230647-83207965.jpg\" \/><\/a><\/p>\n<p><a href=\"http:\/\/damas.laiglesiadelacomunidad.com\/wp-content\/uploads\/2014\/06\/20140608-230646-83206374.jpg\"><img decoding=\"async\" class=\"alignnone size-full\" src=\"http:\/\/damas.laiglesiadelacomunidad.com\/wp-content\/uploads\/2014\/06\/20140608-230646-83206374.jpg\" alt=\"20140608-230646-83206374.jpg\" \/><\/a><\/p>\n<p><a href=\"http:\/\/damas.laiglesiadelacomunidad.com\/wp-content\/uploads\/2014\/06\/20140608-230649-83209717.jpg\"><img decoding=\"async\" class=\"alignnone size-full\" src=\"http:\/\/damas.laiglesiadelacomunidad.com\/wp-content\/uploads\/2014\/06\/20140608-230649-83209717.jpg\" alt=\"20140608-230649-83209717.jpg\" \/><\/a><\/p>\n<p><a href=\"http:\/\/damas.laiglesiadelacomunidad.com\/wp-content\/uploads\/2014\/06\/20140608-230713-83233818.jpg\"><img decoding=\"async\" class=\"alignnone size-full\" src=\"http:\/\/damas.laiglesiadelacomunidad.com\/wp-content\/uploads\/2014\/06\/20140608-230713-83233818.jpg\" alt=\"20140608-230713-83233818.jpg\" \/><\/a><\/p>\n<p><a href=\"http:\/\/damas.laiglesiadelacomunidad.com\/wp-content\/uploads\/2014\/06\/20140608-230715-83235670.jpg\"><img decoding=\"async\" class=\"alignnone size-full\" src=\"http:\/\/damas.laiglesiadelacomunidad.com\/wp-content\/uploads\/2014\/06\/20140608-230715-83235670.jpg\" alt=\"20140608-230715-83235670.jpg\" \/><\/a><\/p>\n<p><a href=\"http:\/\/damas.laiglesiadelacomunidad.com\/wp-content\/uploads\/2014\/06\/20140608-230928-83368219.jpg\"><img decoding=\"async\" class=\"alignnone size-full\" src=\"http:\/\/damas.laiglesiadelacomunidad.com\/wp-content\/uploads\/2014\/06\/20140608-230928-83368219.jpg\" alt=\"20140608-230928-83368219.jpg\" \/><\/a><\/p>\n","protected":false},"excerpt":{"rendered":"<p>Que linda y agradable noche, \u00a0Gracias Se\u00f1or por ser tan bueno en darnos un clima agradable, una buena pr\u00e1ctica y sobre todo que buen mensaje. Gracias a todas las personas que ayudaron con el caf\u00e9 y con preparar el lugar para poder hacer posible la reuni\u00f3n de hoy, se les agradece much\u00edsimo. Seguimos con la &hellip; <a href=\"http:\/\/damas.laiglesiadelacomunidad.com\/?p=4132\" class=\"more-link\">Continue reading <span class=\"screen-reader-text\">Reuni\u00f3n 8 de Junio 2014<\/span> <span class=\"meta-nav\">&rarr;<\/span><\/a><\/p>\n","protected":false},"author":2,"featured_media":0,"comment_status":"open","ping_status":"open","sticky":false,"template":"","format":"link","meta":{"footnotes":""},"categories":[7],"tags":[],"_links":{"self":[{"href":"http:\/\/damas.laiglesiadelacomunidad.com\/index.php?rest_route=\/wp\/v2\/posts\/4132"}],"collection":[{"href":"http:\/\/damas.laiglesiadelacomunidad.com\/index.php?rest_route=\/wp\/v2\/posts"}],"about":[{"href":"http:\/\/damas.laiglesiadelacomunidad.com\/index.php?rest_route=\/wp\/v2\/types\/post"}],"author":[{"embeddable":true,"href":"http:\/\/damas.laiglesiadelacomunidad.com\/index.php?rest_route=\/wp\/v2\/users\/2"}],"replies":[{"embeddable":true,"href":"http:\/\/damas.laiglesiadelacomunidad.com\/index.php?rest_route=%2Fwp%2Fv2%2Fcomments&post=4132"}],"version-history":[{"count":7,"href":"http:\/\/damas.laiglesiadelacomunidad.com\/index.php?rest_route=\/wp\/v2\/posts\/4132\/revisions"}],"predecessor-version":[{"id":4149,"href":"http:\/\/damas.laiglesiadelacomunidad.com\/index.php?rest_route=\/wp\/v2\/posts\/4132\/revisions\/4149"}],"wp:attachment":[{"href":"http:\/\/damas.laiglesiadelacomunidad.com\/index.php?rest_route=%2Fwp%2Fv2%2Fmedia&parent=4132"}],"wp:term":[{"taxonomy":"category","embeddable":true,"href":"http:\/\/damas.laiglesiadelacomunidad.com\/index.php?rest_route=%2Fwp%2Fv2%2Fcategories&post=4132"},{"taxonomy":"post_tag","embeddable":true,"href":"http:\/\/damas.laiglesiadelacomunidad.com\/index.php?rest_route=%2Fwp%2Fv2%2Ftags&post=4132"}],"curies":[{"name":"wp","href":"https:\/\/api.w.org\/{rel}","templated":true}]}}