{"id":4090,"date":"2014-06-04T17:34:34","date_gmt":"2014-06-04T22:34:34","guid":{"rendered":"http:\/\/damas.laiglesiadelacomunidad.com\/?p=4090"},"modified":"2014-06-04T17:34:34","modified_gmt":"2014-06-04T22:34:34","slug":"versiculo-para-meditar-78","status":"publish","type":"post","link":"http:\/\/damas.laiglesiadelacomunidad.com\/?p=4090","title":{"rendered":"Vers\u00edculo para Meditar"},"content":{"rendered":"<p><span style=\"color: #444444;\">Yo castigar\u00e9 al mundo por su maldad, y a los imp\u00edos por su iniquidad; acabar\u00e9 con la arrogancia de los soberbios y abatir\u00e9 la altivez de los fuertes. Isaias 13:11<\/span><\/p>\n","protected":false},"excerpt":{"rendered":"<p>Yo castigar\u00e9 al mundo por su maldad, y a los imp\u00edos por su iniquidad; acabar\u00e9 con la arrogancia de los soberbios y abatir\u00e9 la altivez de los fuertes. Isaias 13:11<\/p>\n","protected":false},"author":2,"featured_media":0,"comment_status":"open","ping_status":"open","sticky":false,"template":"","format":"standard","meta":{"footnotes":""},"categories":[1],"tags":[],"_links":{"self":[{"href":"http:\/\/damas.laiglesiadelacomunidad.com\/index.php?rest_route=\/wp\/v2\/posts\/4090"}],"collection":[{"href":"http:\/\/damas.laiglesiadelacomunidad.com\/index.php?rest_route=\/wp\/v2\/posts"}],"about":[{"href":"http:\/\/damas.laiglesiadelacomunidad.com\/index.php?rest_route=\/wp\/v2\/types\/post"}],"author":[{"embeddable":true,"href":"http:\/\/damas.laiglesiadelacomunidad.com\/index.php?rest_route=\/wp\/v2\/users\/2"}],"replies":[{"embeddable":true,"href":"http:\/\/damas.laiglesiadelacomunidad.com\/index.php?rest_route=%2Fwp%2Fv2%2Fcomments&post=4090"}],"version-history":[{"count":1,"href":"http:\/\/damas.laiglesiadelacomunidad.com\/index.php?rest_route=\/wp\/v2\/posts\/4090\/revisions"}],"predecessor-version":[{"id":4091,"href":"http:\/\/damas.laiglesiadelacomunidad.com\/index.php?rest_route=\/wp\/v2\/posts\/4090\/revisions\/4091"}],"wp:attachment":[{"href":"http:\/\/damas.laiglesiadelacomunidad.com\/index.php?rest_route=%2Fwp%2Fv2%2Fmedia&parent=4090"}],"wp:term":[{"taxonomy":"category","embeddable":true,"href":"http:\/\/damas.laiglesiadelacomunidad.com\/index.php?rest_route=%2Fwp%2Fv2%2Fcategories&post=4090"},{"taxonomy":"post_tag","embeddable":true,"href":"http:\/\/damas.laiglesiadelacomunidad.com\/index.php?rest_route=%2Fwp%2Fv2%2Ftags&post=4090"}],"curies":[{"name":"wp","href":"https:\/\/api.w.org\/{rel}","templated":true}]}}