{"id":4084,"date":"2014-06-03T17:14:40","date_gmt":"2014-06-03T22:14:40","guid":{"rendered":"http:\/\/damas.laiglesiadelacomunidad.com\/?p=4084"},"modified":"2014-06-03T17:14:40","modified_gmt":"2014-06-03T22:14:40","slug":"paciencia-%e2%99%a1","status":"publish","type":"post","link":"http:\/\/damas.laiglesiadelacomunidad.com\/?p=4084","title":{"rendered":"Paciencia \u2661"},"content":{"rendered":"<p><a href=\"http:\/\/damas.laiglesiadelacomunidad.com\/wp-content\/uploads\/2014\/06\/wpid-img_23853427228782.jpeg\"><img decoding=\"async\" title=\"IMG_23853427228782.jpeg\" class=\"alignnone size-full\" alt=\"image\" src=\"http:\/\/damas.laiglesiadelacomunidad.com\/wp-content\/uploads\/2014\/06\/wpid-img_23853427228782.jpeg\" \/><\/a><\/p>\n<p>Efesios 4:32<br \/>\nPor el contrario, sean buenos y compasivos los unos con los otros, y perd\u00f3nense, as\u00ed como Dios los perdon\u00f3 a ustedes por medio de Cristo.<\/p>\n","protected":false},"excerpt":{"rendered":"<p>Efesios 4:32 Por el contrario, sean buenos y compasivos los unos con los otros, y perd\u00f3nense, as\u00ed como Dios los perdon\u00f3 a ustedes por medio de Cristo.<\/p>\n","protected":false},"author":3,"featured_media":0,"comment_status":"open","ping_status":"open","sticky":false,"template":"","format":"standard","meta":{"footnotes":""},"categories":[1],"tags":[],"_links":{"self":[{"href":"http:\/\/damas.laiglesiadelacomunidad.com\/index.php?rest_route=\/wp\/v2\/posts\/4084"}],"collection":[{"href":"http:\/\/damas.laiglesiadelacomunidad.com\/index.php?rest_route=\/wp\/v2\/posts"}],"about":[{"href":"http:\/\/damas.laiglesiadelacomunidad.com\/index.php?rest_route=\/wp\/v2\/types\/post"}],"author":[{"embeddable":true,"href":"http:\/\/damas.laiglesiadelacomunidad.com\/index.php?rest_route=\/wp\/v2\/users\/3"}],"replies":[{"embeddable":true,"href":"http:\/\/damas.laiglesiadelacomunidad.com\/index.php?rest_route=%2Fwp%2Fv2%2Fcomments&post=4084"}],"version-history":[{"count":1,"href":"http:\/\/damas.laiglesiadelacomunidad.com\/index.php?rest_route=\/wp\/v2\/posts\/4084\/revisions"}],"predecessor-version":[{"id":4085,"href":"http:\/\/damas.laiglesiadelacomunidad.com\/index.php?rest_route=\/wp\/v2\/posts\/4084\/revisions\/4085"}],"wp:attachment":[{"href":"http:\/\/damas.laiglesiadelacomunidad.com\/index.php?rest_route=%2Fwp%2Fv2%2Fmedia&parent=4084"}],"wp:term":[{"taxonomy":"category","embeddable":true,"href":"http:\/\/damas.laiglesiadelacomunidad.com\/index.php?rest_route=%2Fwp%2Fv2%2Fcategories&post=4084"},{"taxonomy":"post_tag","embeddable":true,"href":"http:\/\/damas.laiglesiadelacomunidad.com\/index.php?rest_route=%2Fwp%2Fv2%2Ftags&post=4084"}],"curies":[{"name":"wp","href":"https:\/\/api.w.org\/{rel}","templated":true}]}}