{"id":4069,"date":"2014-06-02T00:15:22","date_gmt":"2014-06-02T05:15:22","guid":{"rendered":"http:\/\/damas.laiglesiadelacomunidad.com\/?p=4069"},"modified":"2014-06-02T00:25:41","modified_gmt":"2014-06-02T05:25:41","slug":"reunion-1-de-junio-2014","status":"publish","type":"post","link":"http:\/\/damas.laiglesiadelacomunidad.com\/?p=4069","title":{"rendered":"Reuni\u00f3n 1 de Junio 2014"},"content":{"rendered":"<p>Gracias Se\u00f1or por tan linda noche, por el clima y por poder disfrutar del s\u00edmbolo de la promesa que una vez le hiciste a Noe, despu\u00e9s de tantos a\u00f1os todav\u00eda nos la recuerdas, gracias por tan linda comunidad y tan linda reuni\u00f3n, gracias por haber traido tanta gente a escuchar tan buen mensaje, gracias a los cantantes y a los m\u00fasicos que no s\u00f3lo pr\u00e1ctican pero trabajan en preparar el ambiente para que sea posible escuchar la palabra de Dios.<\/p>\n<p>Seguimos estudiando el libro de G\u00e1latas, y WOW como Dios nos hace ver tantas cosas que a veces son buenas pero la forma en como las usamos nos hacen ser legalistas y religiosos y nos esclavizan a esa religiosidad y a ese legalizmo como sucedi\u00f3 con los fariseos y escribas, dos grupos religiosos que en su tiempo peleaban por tener la verdad y que por su comportamiento y forma de actuar se \u00a0creian m\u00e1s que los dem\u00e1s y se sentian rectos delante de Dios, peroJes\u00fas se oponia a estos dos grupos por su hipocres\u00eda y religiosidad, y a veces aunque no queramos esto nos sucede muy a menudo a nosotros, creemos que por no hacer esto malo y hacer aquello que es bueno, hablar raro, repetir frases religiosas , nos hace mejores y m\u00e1s aceptados delante de Dios pero por al contrario \u00e9sto s\u00f3lo nos hace esclavizarnos a esta conducta \u00a0(y eso nos lleva a la idea principal de hoy : )<strong>Solo Jes\u00fas -no la religiosidad- \u00a0nos hace ser buenos delante de Dios. \u00a0<\/strong>Somos buenos y aceptados por la sangre de Jesucristo no por los actos religiosos que usamos.<\/p>\n<p style=\"color: #000000;\"><strong><span id=\"es-RVC-29137\" class=\"text Gal-4-4\">Pero cuando se cumpli\u00f3 el tiempo se\u00f1alado, Dios envi\u00f3 a su Hijo, que naci\u00f3 de una mujer y sujeto a la ley,<\/span>\u00a0<span id=\"es-RVC-29138\" class=\"text Gal-4-5\">para que redimiera a los que estaban sujetos a la ley, a fin de que recibi\u00e9ramos la adopci\u00f3n de hijos.<\/span>\u00a0<span id=\"es-RVC-29139\" class=\"text Gal-4-6\"><span class=\"versenum\">\u00a0<\/span>Y por cuanto ustedes son hijos, Dios envi\u00f3 a sus corazones el Esp\u00edritu de su Hijo, el cual clama: \u00ab\u00a1Abba, Padre!\u00bb<\/span>\u00a0<span id=\"es-RVC-29140\" class=\"text Gal-4-7\">As\u00ed que ya no eres esclavo, sino hijo; y si eres hijo, tambi\u00e9n eres heredero de Dios por medio de Cristo.\u00a0<\/span><span class=\"text Gal-4-8\">Ciertamente, en otro tiempo, cuando ustedes no conoc\u00edan a Dios, serv\u00edan a los que por naturaleza no son dioses;<\/span>\u00a0<span id=\"es-RVC-29142\" class=\"text Gal-4-9\">pero ahora que conocen a Dios, o m\u00e1s bien, que Dios los conoce a ustedes, \u00bfc\u00f3mo es que han vuelto de nuevo a los d\u00e9biles y pobres rudimentos, a los cuales quieren volver a esclavizarse?<\/span>\u00a0<span id=\"es-RVC-29143\" class=\"text Gal-4-10\">Ustedes guardan los d\u00edas, los meses, los tiempos y los a\u00f1os.<\/span>\u00a0<\/strong><span id=\"es-RVC-29144\" class=\"text Gal-4-11\"><strong>\u00a1Me temo que, con ustedes, yo he trabajado en vano! <\/strong>G\u00e1latas 4:4-11<\/span><\/p>\n<p style=\"color: #000000;\"><strong><span style=\"color: #ff0000;\">\u00a0Pero, \u00a1ay de vosotros, escribas y fariseos, hip\u00f3critas!, porque cerr\u00e1is el reino de los cielos delante de los hombres, pues ni vosotros entr\u00e1is, ni dej\u00e1is entrar a los que est\u00e1n entrando.\u00a0\u00a1Ay de vosotros, escribas y fariseos, hip\u00f3critas!, porque devor\u00e1is las casas de las viudas, aun cuando por pretexto hac\u00e9is largas oraciones; por eso recibir\u00e9is mayor condenaci\u00f3n.\u00a0<\/span><\/strong><br style=\"color: #001320;\" \/><strong><span style=\"color: #ff0000;\">\u00a0\u00a1Ay de vosotros, escribas y fariseos, hip\u00f3critas!, porque recorr\u00e9is el mar y la tierra para hacer un pros\u00e9lito, y cuando llega a serlo, lo hac\u00e9is hijo del infierno dos veces m\u00e1s que vosotros.\u00a0<\/span><\/strong><br style=\"color: #001320;\" \/><strong><span style=\"color: #ff0000;\">\u00a1Ay de vosotros, gu\u00edas ciegos!, que dec\u00eds: &#8220;No es nada el que alguno jure por el templo; pero el que jura por el oro del templo, contrae obligaci\u00f3n.\u00a0\u00a0\u00a1Insensatos y ciegos!, porque \u00bfqu\u00e9 es m\u00e1s importante: el oro, o el templo que santific\u00f3 el oro?\u00a0\u00a0Tambi\u00e9n\u00a0<i style=\"color: #001320;\">dec\u00eds:<\/i>\u00a0&#8220;No es nada el que alguno jure por el altar; pero el que jura por la ofrenda que est\u00e1 sobre \u00e9l, contrae obligaci\u00f3n.\u00a0\u00a0\u00a1Ciegos!, porque \u00bfqu\u00e9 es m\u00e1s importante: la ofrenda, o el altar que santifica la ofrenda?\u00a0Por eso, el que jura por el altar, jura por \u00e9l y por todo lo que est\u00e1 sobre \u00e9l;\u00a0y el que jura por el templo, jura por \u00e9l y por el que en \u00e9l habita;\u00a0y el que jura por el cielo, jura por el trono de Dios y por el que est\u00e1 sentado en \u00e9l.\u00a0<\/span><\/strong><br style=\"color: #001320;\" \/><strong><span style=\"color: #ff0000;\">\u00a0\u00a1Ay de vosotros, escribas y fariseos, hip\u00f3critas!, porque pag\u00e1is el diezmo de la menta, del eneldo y del comino, y hab\u00e9is descuidado los\u00a0<i style=\"color: #001320;\">preceptos<\/i>\u00a0de m\u00e1s peso de la ley: la justicia, la misericordia y la fidelidad; y \u00e9stas son las cosas que deb\u00edais haber hecho, sin descuidar aqu\u00e9llas.\u00a0\u00a0\u00a1Gu\u00edas ciegos, que col\u00e1is el mosquito y\u00a0<i style=\"color: #001320;\">os<\/i>\u00a0trag\u00e1is el camello!\u00a0<\/span><\/strong><br style=\"color: #001320;\" \/><strong><span style=\"color: #ff0000;\">\u00a0\u00a1Ay de vosotros, escribas y fariseos, hip\u00f3critas!, porque limpi\u00e1is el exterior del vaso y del plato, pero por dentro est\u00e1n llenos de robo y de desenfreno.\u00a0\u00a0\u00a1Fariseo ciego! Limpia primero lo de adentro del vaso y del plato, para que lo de afuera tambi\u00e9n quede limpio.\u00a0<\/span><\/strong><br style=\"color: #001320;\" \/><strong><span style=\"color: #ff0000;\">\u00a1Ay de vosotros, escribas y fariseos, hip\u00f3critas!, porque sois semejantes a sepulcros blanqueados, que por fuera lucen hermosos, pero por dentro est\u00e1n llenos de huesos de muertos y de toda inmundicia.\u00a0\u00a0As\u00ed tambi\u00e9n vosotros, por fuera parec\u00e9is justos a los hombres, pero por dentro est\u00e1is llenos de hipocres\u00eda y de iniquidad.\u00a0<\/span><\/strong><br style=\"color: #001320;\" \/><strong><span style=\"color: #ff0000;\">\u00a1Ay de vosotros, escribas y fariseos, hip\u00f3critas!, porque edific\u00e1is los sepulcros de los profetas y adorn\u00e1is los monumentos de los justos,\u00a0y dec\u00eds: &#8220;Si nosotros hubi\u00e9ramos vivido en los d\u00edas de nuestros padres, no hubi\u00e9ramos sido sus c\u00f3mplices en\u00a0<i style=\"color: #001320;\">derramar<\/i>\u00a0la sangre de los profetas.\u00a0\u00a0As\u00ed que dais testimonio en contra de vosotros mismos, que sois hijos de los que asesinaron a los profetas.\u00a0\u00a0Llenad, pues, la medida\u00a0<i style=\"color: #001320;\">de la culpa<\/i>\u00a0de vuestros padres.\u00a1Serpientes! \u00a1Camada de v\u00edboras! \u00bfC\u00f3mo escapar\u00e9is del juicio del infierno?\u00a0\u00a0Por tanto, mirad, yo os env\u00edo profetas, sabios y escribas: de ellos, a unos los matar\u00e9is y crucificar\u00e9is, y a otros los azotar\u00e9is en vuestras sinagogas y los perseguir\u00e9is de ciudad en ciudad,\u00a0para que recaiga sobre vosotros\u00a0<i style=\"color: #001320;\">la culpa de<\/i>\u00a0toda la sangre justa derramada sobre la tierra, desde la sangre del justo Abel hasta la sangre de Zacar\u00edas, hijo de Berequ\u00edas, a quien asesinasteis entre el templo y el altar.\u00a0En verdad os digo que todo esto vendr\u00e1 sobre esta generaci\u00f3n. Mateo 23:13-36<\/span><\/strong><\/p>\n<p style=\"color: #000000;\">Como vemos en nada nos favorese ser religiosos, lo que m\u00e1s nos favorece es seguir a Jes\u00fas y entregar nuestra vida a sus pr\u00f3positos, por arrepentirnos y bautizarnos as\u00ed \u00e9l se convierte en nuestro Se\u00f1or y Salvador. Y para los que ya han tomado esta decisi\u00f3n es no fundametar nuestra aceptaci\u00f3n ante Dios por estas pr\u00e1cticas religiosas, la cruz donde muri\u00f3 Jes\u00fas es mucho m\u00e1s grande que el ser religioso, aceptemos Su sacrificio porque es por Jes\u00fas y solamente por \u00e9l que somos buenos ante los ojos del Padre.<\/p>\n<p style=\"color: #000000;\">Se\u00f1or te pido que nos ayudes a ver la religiosidad y el legalizmo en nuestra vida, ayudanos a ser menos religiosos y m\u00e1s como Jes\u00fas, en Su nombre te lo pedimos, Am\u00e9n.<\/p>\n<p style=\"color: #000000;\">Que Dios las cuide y las proteja, sigan orando por \u00e9sta iglesia y por que el evangelio de la verdad sea predicado por todo el mundo, oremos las unas por las otras, por Raulito y por nuestras amigas que estan embarazadas \ud83d\ude42<\/p>\n<p style=\"color: #000000;\">Las quiero mucho;<\/p>\n<p style=\"color: #000000;\">Jackie C.<\/p>\n<p><a href=\"http:\/\/damas.laiglesiadelacomunidad.com\/wp-content\/uploads\/2014\/06\/20140602-002515-1515411.jpg\"><img decoding=\"async\" src=\"http:\/\/damas.laiglesiadelacomunidad.com\/wp-content\/uploads\/2014\/06\/20140602-002515-1515411.jpg\" alt=\"20140602-002515-1515411.jpg\" class=\"alignnone size-full\" \/><\/a><\/p>\n<p><a href=\"http:\/\/damas.laiglesiadelacomunidad.com\/wp-content\/uploads\/2014\/06\/20140602-002515-1515621.jpg\"><img decoding=\"async\" src=\"http:\/\/damas.laiglesiadelacomunidad.com\/wp-content\/uploads\/2014\/06\/20140602-002515-1515621.jpg\" alt=\"20140602-002515-1515621.jpg\" class=\"alignnone size-full\" \/><\/a><\/p>\n<p><a href=\"http:\/\/damas.laiglesiadelacomunidad.com\/wp-content\/uploads\/2014\/06\/20140602-002518-1518911.jpg\"><img decoding=\"async\" src=\"http:\/\/damas.laiglesiadelacomunidad.com\/wp-content\/uploads\/2014\/06\/20140602-002518-1518911.jpg\" alt=\"20140602-002518-1518911.jpg\" class=\"alignnone size-full\" \/><\/a><\/p>\n<p><a href=\"http:\/\/damas.laiglesiadelacomunidad.com\/wp-content\/uploads\/2014\/06\/20140602-002515-1515204.jpg\"><img decoding=\"async\" src=\"http:\/\/damas.laiglesiadelacomunidad.com\/wp-content\/uploads\/2014\/06\/20140602-002515-1515204.jpg\" alt=\"20140602-002515-1515204.jpg\" class=\"alignnone size-full\" \/><\/a><\/p>\n<p><a href=\"http:\/\/damas.laiglesiadelacomunidad.com\/wp-content\/uploads\/2014\/06\/20140602-002514-1514979.jpg\"><img decoding=\"async\" src=\"http:\/\/damas.laiglesiadelacomunidad.com\/wp-content\/uploads\/2014\/06\/20140602-002514-1514979.jpg\" alt=\"20140602-002514-1514979.jpg\" class=\"alignnone size-full\" \/><\/a><\/p>\n<p><a href=\"http:\/\/damas.laiglesiadelacomunidad.com\/wp-content\/uploads\/2014\/06\/20140602-002517-1517368.jpg\"><img decoding=\"async\" src=\"http:\/\/damas.laiglesiadelacomunidad.com\/wp-content\/uploads\/2014\/06\/20140602-002517-1517368.jpg\" alt=\"20140602-002517-1517368.jpg\" class=\"alignnone size-full\" \/><\/a><\/p>\n","protected":false},"excerpt":{"rendered":"<p>Gracias Se\u00f1or por tan linda noche, por el clima y por poder disfrutar del s\u00edmbolo de la promesa que una vez le hiciste a Noe, despu\u00e9s de tantos a\u00f1os todav\u00eda nos la recuerdas, gracias por tan linda comunidad y tan linda reuni\u00f3n, gracias por haber traido tanta gente a escuchar tan buen mensaje, gracias a &hellip; <a href=\"http:\/\/damas.laiglesiadelacomunidad.com\/?p=4069\" class=\"more-link\">Continue reading <span class=\"screen-reader-text\">Reuni\u00f3n 1 de Junio 2014<\/span> <span class=\"meta-nav\">&rarr;<\/span><\/a><\/p>\n","protected":false},"author":2,"featured_media":0,"comment_status":"open","ping_status":"open","sticky":false,"template":"","format":"gallery","meta":{"footnotes":""},"categories":[7],"tags":[],"_links":{"self":[{"href":"http:\/\/damas.laiglesiadelacomunidad.com\/index.php?rest_route=\/wp\/v2\/posts\/4069"}],"collection":[{"href":"http:\/\/damas.laiglesiadelacomunidad.com\/index.php?rest_route=\/wp\/v2\/posts"}],"about":[{"href":"http:\/\/damas.laiglesiadelacomunidad.com\/index.php?rest_route=\/wp\/v2\/types\/post"}],"author":[{"embeddable":true,"href":"http:\/\/damas.laiglesiadelacomunidad.com\/index.php?rest_route=\/wp\/v2\/users\/2"}],"replies":[{"embeddable":true,"href":"http:\/\/damas.laiglesiadelacomunidad.com\/index.php?rest_route=%2Fwp%2Fv2%2Fcomments&post=4069"}],"version-history":[{"count":4,"href":"http:\/\/damas.laiglesiadelacomunidad.com\/index.php?rest_route=\/wp\/v2\/posts\/4069\/revisions"}],"predecessor-version":[{"id":4079,"href":"http:\/\/damas.laiglesiadelacomunidad.com\/index.php?rest_route=\/wp\/v2\/posts\/4069\/revisions\/4079"}],"wp:attachment":[{"href":"http:\/\/damas.laiglesiadelacomunidad.com\/index.php?rest_route=%2Fwp%2Fv2%2Fmedia&parent=4069"}],"wp:term":[{"taxonomy":"category","embeddable":true,"href":"http:\/\/damas.laiglesiadelacomunidad.com\/index.php?rest_route=%2Fwp%2Fv2%2Fcategories&post=4069"},{"taxonomy":"post_tag","embeddable":true,"href":"http:\/\/damas.laiglesiadelacomunidad.com\/index.php?rest_route=%2Fwp%2Fv2%2Ftags&post=4069"}],"curies":[{"name":"wp","href":"https:\/\/api.w.org\/{rel}","templated":true}]}}