{"id":4003,"date":"2014-05-21T11:02:00","date_gmt":"2014-05-21T16:02:00","guid":{"rendered":"http:\/\/damas.laiglesiadelacomunidad.com\/?p=4003"},"modified":"2014-05-21T11:02:00","modified_gmt":"2014-05-21T16:02:00","slug":"versiculo-para-meditar-77","status":"publish","type":"post","link":"http:\/\/damas.laiglesiadelacomunidad.com\/?p=4003","title":{"rendered":"Vers\u00edculo para Meditar"},"content":{"rendered":"<p><span style=\"color: #444444;\">&#8230; As\u00ed que mucho \u00e1nimo y a trabajar, que el Se\u00f1or est\u00e1 con quien hace lo bueno. 2 Cr\u00f3nicas 19:11b<\/span><\/p>\n","protected":false},"excerpt":{"rendered":"<p>&#8230; As\u00ed que mucho \u00e1nimo y a trabajar, que el Se\u00f1or est\u00e1 con quien hace lo bueno. 2 Cr\u00f3nicas 19:11b<\/p>\n","protected":false},"author":2,"featured_media":0,"comment_status":"open","ping_status":"open","sticky":false,"template":"","format":"standard","meta":{"footnotes":""},"categories":[5],"tags":[],"_links":{"self":[{"href":"http:\/\/damas.laiglesiadelacomunidad.com\/index.php?rest_route=\/wp\/v2\/posts\/4003"}],"collection":[{"href":"http:\/\/damas.laiglesiadelacomunidad.com\/index.php?rest_route=\/wp\/v2\/posts"}],"about":[{"href":"http:\/\/damas.laiglesiadelacomunidad.com\/index.php?rest_route=\/wp\/v2\/types\/post"}],"author":[{"embeddable":true,"href":"http:\/\/damas.laiglesiadelacomunidad.com\/index.php?rest_route=\/wp\/v2\/users\/2"}],"replies":[{"embeddable":true,"href":"http:\/\/damas.laiglesiadelacomunidad.com\/index.php?rest_route=%2Fwp%2Fv2%2Fcomments&post=4003"}],"version-history":[{"count":1,"href":"http:\/\/damas.laiglesiadelacomunidad.com\/index.php?rest_route=\/wp\/v2\/posts\/4003\/revisions"}],"predecessor-version":[{"id":4004,"href":"http:\/\/damas.laiglesiadelacomunidad.com\/index.php?rest_route=\/wp\/v2\/posts\/4003\/revisions\/4004"}],"wp:attachment":[{"href":"http:\/\/damas.laiglesiadelacomunidad.com\/index.php?rest_route=%2Fwp%2Fv2%2Fmedia&parent=4003"}],"wp:term":[{"taxonomy":"category","embeddable":true,"href":"http:\/\/damas.laiglesiadelacomunidad.com\/index.php?rest_route=%2Fwp%2Fv2%2Fcategories&post=4003"},{"taxonomy":"post_tag","embeddable":true,"href":"http:\/\/damas.laiglesiadelacomunidad.com\/index.php?rest_route=%2Fwp%2Fv2%2Ftags&post=4003"}],"curies":[{"name":"wp","href":"https:\/\/api.w.org\/{rel}","templated":true}]}}