{"id":3979,"date":"2014-05-18T22:23:11","date_gmt":"2014-05-19T03:23:11","guid":{"rendered":"http:\/\/damas.laiglesiadelacomunidad.com\/?p=3979"},"modified":"2014-05-20T09:00:40","modified_gmt":"2014-05-20T14:00:40","slug":"reunion-18-de-mayo-2014","status":"publish","type":"post","link":"http:\/\/damas.laiglesiadelacomunidad.com\/?p=3979","title":{"rendered":"Reuni\u00f3n 18 de Mayo 2014"},"content":{"rendered":"<p>Gracias Se\u00f1or por la estupenda noche que nos diste, gracias a las personas que colaboran en el caf\u00e9 y en el gimnasio colocando todo para que podamos alabar, adorar y escuchar tan buen mensaje.<\/p>\n<p>Seguimos estudiando el libro de G\u00e1latas, que libro tan interesante (como todos en la Biblia \ud83d\ude42 ) seguimos hablando de el porque somos buenos, muchas veces creemos que somos buenos por las cosas que hacemos pero como visto as\u00ed no son las cosas, las obras no nos justifican, solo por confiar en Cristo podemos ser justificados. Ahora hay otro punto importante que menciona el libro de G\u00e1latas y esa es la ley, la ley nos ense\u00f1a la voluntad de Dios, pero el hecho de cumplirla tampoco nos hace ser buenos, pero nos sirve por que nos gu\u00eda y nos hace ver lo que a Dios le agrada y como quiere que nos comportemos, a parte de eso nos ense\u00f1a la rebeld\u00eda que tenemos en nuestra vida y nos hace ver que no podemos cumplirla al pie de la letra por m\u00e1s que intentemos y eso nos hace realizar que necesitamos de alguien que nos rescate porque solos no podemos, y por eso Dios envi\u00f3 \u00a0a Jes\u00fas para rescatarnos y ese es el gran pr\u00f3posito de la ley hacernos ver que sin Jes\u00fas no somos nada y eso nos lleva a La idea grande de hoy <strong>&#8220;La ley de Dios nos lleva a Cristo&#8221;<\/strong><\/p>\n<p style=\"color: #000000;\"><strong><span id=\"es-RVC-29121\" class=\"text Gal-3-17\">Digo, pues, que el pacto previamente ratificado por Dios no puede ser anulado por la ley, que vino cuatrocientos treinta a\u00f1os despu\u00e9s,\u00a0pues invalidar\u00eda la promesa.<\/span>\u00a0<span id=\"es-RVC-29122\" class=\"text Gal-3-18\">Porque si la herencia es por la ley, ya no es por la promesa;\u00a0pero Dios la concedi\u00f3 a Abrah\u00e1n mediante la promesa.<\/span><span class=\"text Gal-3-19\">Entonces, \u00bfpara qu\u00e9 sirve la ley? Pues fue a\u00f1adida por causa de las transgresiones, hasta que viniera la simiente, a quien fue hecha la promesa; y fue ordenada por medio de \u00e1ngeles en manos de un mediador.<\/span>\u00a0<span id=\"es-RVC-29124\" class=\"text Gal-3-20\">Y el mediador no lo es de uno solo; pero Dios s\u00ed es uno.<\/span><\/strong><\/p>\n<p style=\"color: #000000;\"><strong><span id=\"es-RVC-29125\" class=\"text Gal-3-21\">\u00bfContradice la ley a las promesas de Dios? \u00a1De ninguna manera! Porque, si la ley dada pudiera dar vida, la justicia ser\u00eda verdaderamente por la ley.<\/span>\u00a0<span id=\"es-RVC-29126\" class=\"text Gal-3-22\">Pero la Escritura lo encerr\u00f3 todo bajo pecado, para que la promesa que es por la fe en Jesucristo fuera dada a los creyentes.\u00a0<\/span><span id=\"es-RVC-29127\" class=\"text Gal-3-23\">Pero antes de que viniera la fe, est\u00e1bamos confinados bajo la ley, encerrados para aquella fe que iba a ser revelada.<\/span>\u00a0<\/strong><span id=\"es-RVC-29128\" class=\"text Gal-3-24\"><strong><span class=\"versenum\">\u00a0<\/span>De manera que la ley ha sido nuestro tutor, para llevarnos a Cristo, a fin de que fu\u00e9ramos justificados por la fe.<\/strong> G\u00e1latas 3:17-24<\/span><\/p>\n<p style=\"color: #000000;\">Se\u00f1or te pedimos que nos des las ancias de conocer tu voluntad en nuestra vida y que aprendamos a escuchar tu voz y seguirte conforme a tu voluntad y no a nuestra manera, te lo pedimos en nombre de Jesucristo nuestro Se\u00f1or, Am\u00e9n.<\/p>\n<p style=\"color: #000000;\">Por favor no se olviden de orar las unas por las otras, por \u00e9sta obra y \u00a0les encomiendo en sus oraciones a Raulito y a Maricela. Gracias, Que tengan una linda semana.<\/p>\n<p style=\"color: #000000;\">Jackie C.<\/p>\n<p><a href=\"http:\/\/damas.laiglesiadelacomunidad.com\/wp-content\/uploads\/2014\/05\/20140518-222511-80711200.jpg\"><img decoding=\"async\" class=\"alignnone size-full\" src=\"http:\/\/damas.laiglesiadelacomunidad.com\/wp-content\/uploads\/2014\/05\/20140518-222511-80711200.jpg\" alt=\"20140518-222511-80711200.jpg\" \/><\/a><\/p>\n<p><a href=\"http:\/\/damas.laiglesiadelacomunidad.com\/wp-content\/uploads\/2014\/05\/20140518-222507-80707392.jpg\"><img decoding=\"async\" class=\"alignnone size-full\" src=\"http:\/\/damas.laiglesiadelacomunidad.com\/wp-content\/uploads\/2014\/05\/20140518-222507-80707392.jpg\" alt=\"20140518-222507-80707392.jpg\" \/><\/a><\/p>\n<p><a href=\"http:\/\/damas.laiglesiadelacomunidad.com\/wp-content\/uploads\/2014\/05\/20140518-222509-80709405.jpg\"><img decoding=\"async\" class=\"alignnone size-full\" src=\"http:\/\/damas.laiglesiadelacomunidad.com\/wp-content\/uploads\/2014\/05\/20140518-222509-80709405.jpg\" alt=\"20140518-222509-80709405.jpg\" \/><\/a><\/p>\n<p><a href=\"http:\/\/damas.laiglesiadelacomunidad.com\/wp-content\/uploads\/2014\/05\/20140518-222513-80713019.jpg\"><img decoding=\"async\" class=\"alignnone size-full\" src=\"http:\/\/damas.laiglesiadelacomunidad.com\/wp-content\/uploads\/2014\/05\/20140518-222513-80713019.jpg\" alt=\"20140518-222513-80713019.jpg\" \/><\/a><\/p>\n","protected":false},"excerpt":{"rendered":"<p>Gracias Se\u00f1or por la estupenda noche que nos diste, gracias a las personas que colaboran en el caf\u00e9 y en el gimnasio colocando todo para que podamos alabar, adorar y escuchar tan buen mensaje. Seguimos estudiando el libro de G\u00e1latas, que libro tan interesante (como todos en la Biblia \ud83d\ude42 ) seguimos hablando de el &hellip; <a href=\"http:\/\/damas.laiglesiadelacomunidad.com\/?p=3979\" class=\"more-link\">Continue reading <span class=\"screen-reader-text\">Reuni\u00f3n 18 de Mayo 2014<\/span> <span class=\"meta-nav\">&rarr;<\/span><\/a><\/p>\n","protected":false},"author":2,"featured_media":0,"comment_status":"open","ping_status":"open","sticky":false,"template":"","format":"chat","meta":{"footnotes":""},"categories":[7],"tags":[],"_links":{"self":[{"href":"http:\/\/damas.laiglesiadelacomunidad.com\/index.php?rest_route=\/wp\/v2\/posts\/3979"}],"collection":[{"href":"http:\/\/damas.laiglesiadelacomunidad.com\/index.php?rest_route=\/wp\/v2\/posts"}],"about":[{"href":"http:\/\/damas.laiglesiadelacomunidad.com\/index.php?rest_route=\/wp\/v2\/types\/post"}],"author":[{"embeddable":true,"href":"http:\/\/damas.laiglesiadelacomunidad.com\/index.php?rest_route=\/wp\/v2\/users\/2"}],"replies":[{"embeddable":true,"href":"http:\/\/damas.laiglesiadelacomunidad.com\/index.php?rest_route=%2Fwp%2Fv2%2Fcomments&post=3979"}],"version-history":[{"count":3,"href":"http:\/\/damas.laiglesiadelacomunidad.com\/index.php?rest_route=\/wp\/v2\/posts\/3979\/revisions"}],"predecessor-version":[{"id":3995,"href":"http:\/\/damas.laiglesiadelacomunidad.com\/index.php?rest_route=\/wp\/v2\/posts\/3979\/revisions\/3995"}],"wp:attachment":[{"href":"http:\/\/damas.laiglesiadelacomunidad.com\/index.php?rest_route=%2Fwp%2Fv2%2Fmedia&parent=3979"}],"wp:term":[{"taxonomy":"category","embeddable":true,"href":"http:\/\/damas.laiglesiadelacomunidad.com\/index.php?rest_route=%2Fwp%2Fv2%2Fcategories&post=3979"},{"taxonomy":"post_tag","embeddable":true,"href":"http:\/\/damas.laiglesiadelacomunidad.com\/index.php?rest_route=%2Fwp%2Fv2%2Ftags&post=3979"}],"curies":[{"name":"wp","href":"https:\/\/api.w.org\/{rel}","templated":true}]}}