{"id":3941,"date":"2014-05-13T13:23:32","date_gmt":"2014-05-13T18:23:32","guid":{"rendered":"http:\/\/damas.laiglesiadelacomunidad.com\/?p=3941"},"modified":"2014-05-13T13:23:32","modified_gmt":"2014-05-13T18:23:32","slug":"babyshower-cancelado","status":"publish","type":"post","link":"http:\/\/damas.laiglesiadelacomunidad.com\/?p=3941","title":{"rendered":"Babyshower Cancelado"},"content":{"rendered":"<p>Por buen\u00edsimos motivos el babyshower esta cancelado, gracias a la inmensa misericordia de Dios ese d\u00eda le dar\u00e1n el alta a Raulito, bendito sea Dios. Luego les dar\u00e9 la nueva fecha, gracias por su comprensi\u00f3n y por todas sus Oraci\u00f3nes y ayunos.<br \/>\n\u00a1Bueno es ver la Gloria de Dios!<\/p>\n","protected":false},"excerpt":{"rendered":"<p>Por buen\u00edsimos motivos el babyshower esta cancelado, gracias a la inmensa misericordia de Dios ese d\u00eda le dar\u00e1n el alta a Raulito, bendito sea Dios. Luego les dar\u00e9 la nueva fecha, gracias por su comprensi\u00f3n y por todas sus Oraci\u00f3nes y ayunos. \u00a1Bueno es ver la Gloria de Dios!<\/p>\n","protected":false},"author":2,"featured_media":0,"comment_status":"open","ping_status":"open","sticky":false,"template":"","format":"standard","meta":{"footnotes":""},"categories":[19],"tags":[],"_links":{"self":[{"href":"http:\/\/damas.laiglesiadelacomunidad.com\/index.php?rest_route=\/wp\/v2\/posts\/3941"}],"collection":[{"href":"http:\/\/damas.laiglesiadelacomunidad.com\/index.php?rest_route=\/wp\/v2\/posts"}],"about":[{"href":"http:\/\/damas.laiglesiadelacomunidad.com\/index.php?rest_route=\/wp\/v2\/types\/post"}],"author":[{"embeddable":true,"href":"http:\/\/damas.laiglesiadelacomunidad.com\/index.php?rest_route=\/wp\/v2\/users\/2"}],"replies":[{"embeddable":true,"href":"http:\/\/damas.laiglesiadelacomunidad.com\/index.php?rest_route=%2Fwp%2Fv2%2Fcomments&post=3941"}],"version-history":[{"count":1,"href":"http:\/\/damas.laiglesiadelacomunidad.com\/index.php?rest_route=\/wp\/v2\/posts\/3941\/revisions"}],"predecessor-version":[{"id":3942,"href":"http:\/\/damas.laiglesiadelacomunidad.com\/index.php?rest_route=\/wp\/v2\/posts\/3941\/revisions\/3942"}],"wp:attachment":[{"href":"http:\/\/damas.laiglesiadelacomunidad.com\/index.php?rest_route=%2Fwp%2Fv2%2Fmedia&parent=3941"}],"wp:term":[{"taxonomy":"category","embeddable":true,"href":"http:\/\/damas.laiglesiadelacomunidad.com\/index.php?rest_route=%2Fwp%2Fv2%2Fcategories&post=3941"},{"taxonomy":"post_tag","embeddable":true,"href":"http:\/\/damas.laiglesiadelacomunidad.com\/index.php?rest_route=%2Fwp%2Fv2%2Ftags&post=3941"}],"curies":[{"name":"wp","href":"https:\/\/api.w.org\/{rel}","templated":true}]}}