{"id":3934,"date":"2014-05-13T10:51:51","date_gmt":"2014-05-13T15:51:51","guid":{"rendered":"http:\/\/damas.laiglesiadelacomunidad.com\/?p=3934"},"modified":"2014-05-13T11:36:41","modified_gmt":"2014-05-13T16:36:41","slug":"versiculo-para-meditar-75","status":"publish","type":"post","link":"http:\/\/damas.laiglesiadelacomunidad.com\/?p=3934","title":{"rendered":"Vers\u00edculos para Meditar"},"content":{"rendered":"<div class=\"p\" style=\"color: #444444;\"><span style=\"color: #000000;\"><strong><span class=\"verse v21\" data-usfm=\"ECC.7.21\"><span class=\"content\">No permitas que tu coraz\u00f3n se fije en todo lo que se dice. <\/span><\/span><\/strong><\/span><\/div>\n<div class=\"p\" style=\"color: #444444;\"><span style=\"color: #000000;\"><strong><span class=\"verse v21\" data-usfm=\"ECC.7.21\"><span class=\"content\">As\u00ed no oir\u00e1s a tu siervo cuando hable mal de ti.<\/span><\/span><\/strong><\/span><\/div>\n<div class=\"m\" style=\"color: #444444;\"><span style=\"color: #000000;\"><strong><span class=\"verse v22\" data-usfm=\"ECC.7.22\"><span class=\"content\">Aunque en lo \u00edntimo sabes que, muchas veces, <\/span><\/span><\/strong><\/span><\/div>\n<div class=\"m\" style=\"color: #444444;\"><span style=\"color: #000000;\"><strong><span class=\"verse v22\" data-usfm=\"ECC.7.22\"><span class=\"content\">tambi\u00e9n t\u00fa has hablado mal de otros. <\/span><\/span><\/strong><\/span><\/div>\n<div class=\"m\" style=\"color: #444444;\"><span style=\"color: #000000;\"><span class=\"verse v22\" data-usfm=\"ECC.7.22\"><span class=\"content\">Eclesiast\u00e9s 7:21-22<\/span><\/span><\/span><\/div>\n<div class=\"m\" style=\"color: #444444;\"><\/div>\n<p>&nbsp;<\/p>\n<div class=\"m\" style=\"color: #444444;\">\n<div class=\"m\"><strong><span class=\"verse v8\" data-usfm=\"ECC.8.8\"><span class=\"content\">Nadie tiene poder sobre el esp\u00edritu, para retenerlo, ni tiene tampoco poder sobre la hora de la muerte. En esa guerra, las armas no sirven de nada, ni tampoco puede la maldad poner a salvo al malvado.<\/span><\/span><\/strong><\/div>\n<div class=\"p\"><span class=\"verse v9\" data-usfm=\"ECC.8.9\"><span class=\"content\"><strong>Todo esto lo he visto, y he dedicado mi coraz\u00f3n al estudio de todo lo que se hace bajo el sol. Hay momentos en que los unos dominan a los otros, para su propio mal.<\/strong> <\/span><\/span><\/div>\n<div class=\"p\">\n<div class=\"p\"><strong><span class=\"verse v16\" data-usfm=\"ECC.8.16\"><span class=\"content\">Como dirig\u00ed mi atenci\u00f3n hacia el conocimiento y la sabidur\u00eda, para entender todo lo que se hace sobre la tierra, algunas veces no pod\u00eda conciliar el sue\u00f1o ni de noche ni de d\u00eda.<\/span><\/span><\/strong><\/div>\n<div class=\"m\"><strong><span class=\"verse v17\" data-usfm=\"ECC.8.17\"><span class=\"content\">As\u00ed pude ver todo lo que Dios ha hecho, y vi tambi\u00e9n que el hombre no alcanza a comprender todo lo que se hace bajo el sol. Por m\u00e1s que se esfuerce por entenderlo, no lo entender\u00e1; y aun cuando el sabio asegure entenderlo, no por eso lo entender\u00e1.<\/span><\/span><\/strong><\/div>\n<\/div>\n<div class=\"p\"><span class=\"verse v9\" data-usfm=\"ECC.8.9\"><span class=\"content\">Eclesiast\u00e9s 8:8-9, 16-17<\/span><\/span><\/div>\n<\/div>\n","protected":false},"excerpt":{"rendered":"<p>No permitas que tu coraz\u00f3n se fije en todo lo que se dice. As\u00ed no oir\u00e1s a tu siervo cuando hable mal de ti. Aunque en lo \u00edntimo sabes que, muchas veces, tambi\u00e9n t\u00fa has hablado mal de otros. Eclesiast\u00e9s 7:21-22 &nbsp; Nadie tiene poder sobre el esp\u00edritu, para retenerlo, ni tiene tampoco poder sobre &hellip; <a href=\"http:\/\/damas.laiglesiadelacomunidad.com\/?p=3934\" class=\"more-link\">Continue reading <span class=\"screen-reader-text\">Vers\u00edculos para Meditar<\/span> <span class=\"meta-nav\">&rarr;<\/span><\/a><\/p>\n","protected":false},"author":2,"featured_media":0,"comment_status":"open","ping_status":"open","sticky":false,"template":"","format":"gallery","meta":{"footnotes":""},"categories":[5],"tags":[],"_links":{"self":[{"href":"http:\/\/damas.laiglesiadelacomunidad.com\/index.php?rest_route=\/wp\/v2\/posts\/3934"}],"collection":[{"href":"http:\/\/damas.laiglesiadelacomunidad.com\/index.php?rest_route=\/wp\/v2\/posts"}],"about":[{"href":"http:\/\/damas.laiglesiadelacomunidad.com\/index.php?rest_route=\/wp\/v2\/types\/post"}],"author":[{"embeddable":true,"href":"http:\/\/damas.laiglesiadelacomunidad.com\/index.php?rest_route=\/wp\/v2\/users\/2"}],"replies":[{"embeddable":true,"href":"http:\/\/damas.laiglesiadelacomunidad.com\/index.php?rest_route=%2Fwp%2Fv2%2Fcomments&post=3934"}],"version-history":[{"count":5,"href":"http:\/\/damas.laiglesiadelacomunidad.com\/index.php?rest_route=\/wp\/v2\/posts\/3934\/revisions"}],"predecessor-version":[{"id":3940,"href":"http:\/\/damas.laiglesiadelacomunidad.com\/index.php?rest_route=\/wp\/v2\/posts\/3934\/revisions\/3940"}],"wp:attachment":[{"href":"http:\/\/damas.laiglesiadelacomunidad.com\/index.php?rest_route=%2Fwp%2Fv2%2Fmedia&parent=3934"}],"wp:term":[{"taxonomy":"category","embeddable":true,"href":"http:\/\/damas.laiglesiadelacomunidad.com\/index.php?rest_route=%2Fwp%2Fv2%2Fcategories&post=3934"},{"taxonomy":"post_tag","embeddable":true,"href":"http:\/\/damas.laiglesiadelacomunidad.com\/index.php?rest_route=%2Fwp%2Fv2%2Ftags&post=3934"}],"curies":[{"name":"wp","href":"https:\/\/api.w.org\/{rel}","templated":true}]}}